{"id":128840,"date":"2026-01-07T19:26:07","date_gmt":"2026-01-07T19:26:07","guid":{"rendered":"https:\/\/www.europesays.com\/se\/128840\/"},"modified":"2026-01-07T19:26:07","modified_gmt":"2026-01-07T19:26:07","slug":"minneapolis-borgmastare-kritiserar-ice-skjutning-svt-nyheter","status":"publish","type":"post","link":"https:\/\/www.europesays.com\/se\/128840\/","title":{"rendered":"Minneapolis borgm\u00e4stare kritiserar ICE-skjutning | SVT Nyheter"},"content":{"rendered":"<p>H\u00e4ndelsen skedde i samband med en protest mot migrationsmyndighetens insatser mot irregulj\u00e4ra migranter i delstaten Minnesota. Kvinnan uppges ha f\u00f6rs\u00f6kt att k\u00f6ra \u00f6ver ICE-representanten, enligt departementet f\u00f6r inrikes s\u00e4kerhet som klassade h\u00e4ndelsen som ett misst\u00e4nkt terrorbrott.<\/p>\n<p>Men en skarpt kritisk reaktion kom snabbt fr\u00e5n Minneapolis borgm\u00e4stare Jacob Frey, som h\u00e4vdade att ICE-representanten handlat v\u00e5rdsl\u00f6st.<\/p>\n<p>\u2013 De (ICE-representanterna) \u00e4r inte h\u00e4r f\u00f6r att skapa s\u00e4kerhet i staden. De tillf\u00f6r inte s\u00e4kerhet i USA. De skapar kaos och misstroende, sade borgm\u00e4staren.<\/p>\n<p>\u201dDe f\u00f6rs\u00f6ker f\u00f6rvr\u00e4nga historien\u201d<\/p>\n<p>Frey h\u00e4nvisade till den video som offentliggjorts en kort tid efter h\u00e4ndelsen:<\/p>\n<p>\u2013 De f\u00f6rs\u00f6ker att f\u00f6rvr\u00e4nga historien s\u00e5 att det ska handla om sj\u00e4lvf\u00f6rsvar. Jag har sj\u00e4lv sett videon. Jag vill s\u00e4ga till alla, utan omsvep att anklagelsen \u00e4r skitsnack.<\/p>\n<p>ICE, Immigration and Customs Enforcement, \u00e4r en amerikansk federal polismyndighet med uppgift att skydda USA mot gr\u00e4ns\u00f6verskridande kriminalitet och irregulj\u00e4r invandring.<\/p>\n","protected":false},"excerpt":{"rendered":"H\u00e4ndelsen skedde i samband med en protest mot migrationsmyndighetens insatser mot irregulj\u00e4ra migranter i delstaten Minnesota. Kvinnan uppges&hellip;\n","protected":false},"author":2,"featured_media":128841,"comment_status":"","ping_status":"","sticky":false,"template":"","format":"standard","meta":{"footnotes":""},"categories":[14],"tags":[22,23,26,27,17,21,24,25,28,29,15,16,18,34,31,33,32,30,19,20,51,52,53,54],"class_list":{"0":"post-128840","1":"post","2":"type-post","3":"status-publish","4":"format-standard","5":"has-post-thumbnail","7":"category-varlden","8":"tag-breaking-news","9":"tag-breakingnews","10":"tag-featured-news","11":"tag-featurednews","12":"tag-headlines","13":"tag-huvudnyheter","14":"tag-latest-news","15":"tag-latestnews","16":"tag-main-news","17":"tag-mainnews","18":"tag-news","19":"tag-nyheter","20":"tag-rubriker","21":"tag-se","22":"tag-svenska","23":"tag-sverige","24":"tag-sweden","25":"tag-swedish","26":"tag-top-stories","27":"tag-topstories","28":"tag-varlden","29":"tag-world","30":"tag-world-news","31":"tag-worldnews"},"share_on_mastodon":{"url":"https:\/\/pubeurope.com\/@se\/115855463762973073","error":""},"_links":{"self":[{"href":"https:\/\/www.europesays.com\/se\/wp-json\/wp\/v2\/posts\/128840","targetHints":{"allow":["GET"]}}],"collection":[{"href":"https:\/\/www.europesays.com\/se\/wp-json\/wp\/v2\/posts"}],"about":[{"href":"https:\/\/www.europesays.com\/se\/wp-json\/wp\/v2\/types\/post"}],"author":[{"embeddable":true,"href":"https:\/\/www.europesays.com\/se\/wp-json\/wp\/v2\/users\/2"}],"replies":[{"embeddable":true,"href":"https:\/\/www.europesays.com\/se\/wp-json\/wp\/v2\/comments?post=128840"}],"version-history":[{"count":0,"href":"https:\/\/www.europesays.com\/se\/wp-json\/wp\/v2\/posts\/128840\/revisions"}],"wp:featuredmedia":[{"embeddable":true,"href":"https:\/\/www.europesays.com\/se\/wp-json\/wp\/v2\/media\/128841"}],"wp:attachment":[{"href":"https:\/\/www.europesays.com\/se\/wp-json\/wp\/v2\/media?parent=128840"}],"wp:term":[{"taxonomy":"category","embeddable":true,"href":"https:\/\/www.europesays.com\/se\/wp-json\/wp\/v2\/categories?post=128840"},{"taxonomy":"post_tag","embeddable":true,"href":"https:\/\/www.europesays.com\/se\/wp-json\/wp\/v2\/tags?post=128840"}],"curies":[{"name":"wp","href":"https:\/\/api.w.org\/{rel}","templated":true}]}}