{"id":128855,"date":"2026-01-07T19:39:15","date_gmt":"2026-01-07T19:39:15","guid":{"rendered":"https:\/\/www.europesays.com\/se\/128855\/"},"modified":"2026-01-07T19:39:15","modified_gmt":"2026-01-07T19:39:15","slug":"peter-wettergren-lamnar-malmo-ff-efter-ett-halvar","status":"publish","type":"post","link":"https:\/\/www.europesays.com\/se\/128855\/","title":{"rendered":"Peter Wettergren l\u00e4mnar Malm\u00f6 FF efter ett halv\u00e5r"},"content":{"rendered":"<p>MFF:s assisterande tr\u00e4nare Peter Wettergren l\u00e4mnar, enligt flera medier. Han ers\u00e4tts av Endika Gabi\u00f1a.<\/p>\n<p>Enligt ett pressmeddelande har MFF och Wettergren i samf\u00f6rst\u00e5nd kommit \u00f6verens om att avsluta samarbetet.<\/p>\n<p>\u201dDet blev ett kort och intensivt halv\u00e5r med ett viktigt och roligt arbete\u201d, s\u00e4ger Wettergren i ett uttalande.<\/p>\n<p>Omni \u00e4r politiskt obundna och oberoende. Vi str\u00e4var efter att ge fler perspektiv p\u00e5 nyheterna. Har du fr\u00e5gor eller synpunkter kring v\u00e5r rapportering? <a href=\"https:\/\/omni.se\/peter-wettergren-lamnar-malmo-ff-efter-ett-halvar\/a\/mailto:redaktion@omni.se\" class=\"ArticleActions_contactLink__W2F1M\" rel=\"nofollow noopener\" target=\"_blank\">Kontakta redaktionen<\/a><\/p>\n","protected":false},"excerpt":{"rendered":"MFF:s assisterande tr\u00e4nare Peter Wettergren l\u00e4mnar, enligt flera medier. Han ers\u00e4tts av Endika Gabi\u00f1a. Enligt ett pressmeddelande har&hellip;\n","protected":false},"author":2,"featured_media":128856,"comment_status":"","ping_status":"","sticky":false,"template":"","format":"standard","meta":{"footnotes":""},"categories":[68],"tags":[138,557,13273,34,111,110,31,33,32,30],"class_list":{"0":"post-128855","1":"post","2":"type-post","3":"status-publish","4":"format-standard","5":"has-post-thumbnail","7":"category-sport","8":"tag-fotboll","9":"tag-malmo-ff","10":"tag-peter-wettergren","11":"tag-se","12":"tag-sport","13":"tag-sports","14":"tag-svenska","15":"tag-sverige","16":"tag-sweden","17":"tag-swedish"},"share_on_mastodon":{"url":"https:\/\/pubeurope.com\/@se\/115855514803101923","error":""},"_links":{"self":[{"href":"https:\/\/www.europesays.com\/se\/wp-json\/wp\/v2\/posts\/128855","targetHints":{"allow":["GET"]}}],"collection":[{"href":"https:\/\/www.europesays.com\/se\/wp-json\/wp\/v2\/posts"}],"about":[{"href":"https:\/\/www.europesays.com\/se\/wp-json\/wp\/v2\/types\/post"}],"author":[{"embeddable":true,"href":"https:\/\/www.europesays.com\/se\/wp-json\/wp\/v2\/users\/2"}],"replies":[{"embeddable":true,"href":"https:\/\/www.europesays.com\/se\/wp-json\/wp\/v2\/comments?post=128855"}],"version-history":[{"count":0,"href":"https:\/\/www.europesays.com\/se\/wp-json\/wp\/v2\/posts\/128855\/revisions"}],"wp:featuredmedia":[{"embeddable":true,"href":"https:\/\/www.europesays.com\/se\/wp-json\/wp\/v2\/media\/128856"}],"wp:attachment":[{"href":"https:\/\/www.europesays.com\/se\/wp-json\/wp\/v2\/media?parent=128855"}],"wp:term":[{"taxonomy":"category","embeddable":true,"href":"https:\/\/www.europesays.com\/se\/wp-json\/wp\/v2\/categories?post=128855"},{"taxonomy":"post_tag","embeddable":true,"href":"https:\/\/www.europesays.com\/se\/wp-json\/wp\/v2\/tags?post=128855"}],"curies":[{"name":"wp","href":"https:\/\/api.w.org\/{rel}","templated":true}]}}