{"id":128860,"date":"2026-01-07T19:45:07","date_gmt":"2026-01-07T19:45:07","guid":{"rendered":"https:\/\/www.europesays.com\/se\/128860\/"},"modified":"2026-01-07T19:45:07","modified_gmt":"2026-01-07T19:45:07","slug":"ny-seger-mot-brasilien-handbollslandslaget","status":"publish","type":"post","link":"https:\/\/www.europesays.com\/se\/128860\/","title":{"rendered":"Ny seger mot Brasilien &#8211; Handbollslandslaget"},"content":{"rendered":"<p><strong>Anf\u00f6rda av en ostoppbar Lukas Sandell vann Sverige fullt r\u00e4ttvist mot Brasilien p\u00e5 onsdagskv\u00e4llen. EM-genrepet slutade 33\u201324 (17\u201311).<\/strong><br \/><strong>\u2013 Vi gjorde en j\u00e4ttefin match idag. B\u00e5de spelm\u00e4ssigt och energim\u00e4ssigt, sade f\u00f6rbundskapten Michael Apelgren efter slutsignal.\u00a0<\/strong><\/p>\n<p>I och med vinsten i Partille Arena kommer Sverige till spel i EM n\u00e4sta vecka med tv\u00e5 segrar i bagaget. B\u00e5de i J\u00f6nk\u00f6ping i m\u00e5ndags och i Partille ikv\u00e4ll vann Sverige utan n\u00e5gra st\u00f6rre problem.<\/p>\n<p>\u2013 Det k\u00e4nns sk\u00f6nt att vi har en trygghet i laget som vi kan luta oss mot, kommenterade Michael Apelgren.<\/p>\n<p>\u2013 Det \u00e4r en grupp med v\u00e4ldigt m\u00e5nga bra m\u00e4nniskor. Det \u00e4r ett lag som hj\u00e4lps \u00e5t oavsett vad det st\u00e5r p\u00e5 tavlan, fortsatte f\u00f6rbundskaptenen.<\/p>\n<p>Tolv olika m\u00e5lskyttar noterades i protokollet. <a href=\"https:\/\/handbollslandslaget.se\/spelare\/lukassandell\/\" rel=\"nofollow noopener\" target=\"_blank\"><strong>Lukas Sandell<\/strong><\/a> var flitigast framf\u00f6r m\u00e5l och satte dit \u00e5tta kassar.<\/p>\n<p>\u2013 Det var kul att spela handboll idag. Bra st\u00f6d p\u00e5 l\u00e4ktaren och vi har ett bra flyt i spelet, kommenterade Sandell.<\/p>\n<p>Dessv\u00e4rre skadade sig <a href=\"https:\/\/handbollslandslaget.se\/spelare\/andreaspalicka\/\" rel=\"nofollow noopener\" target=\"_blank\"><strong>Andreas Palicka <\/strong><\/a>under matchens g\u00e5ng. Den rutinerade m\u00e5lvakten fick ett h\u00e5rt skott i ansiktet, vilket tvingade honom av plan. <a href=\"https:\/\/handbollslandslaget.se\/spelare\/fabiannorsten\/\" rel=\"nofollow noopener\" target=\"_blank\"><strong>Fabian Norsten<\/strong> <\/a>och <a href=\"https:\/\/handbollslandslaget.se\/spelare\/mikaelappelgren\/\" rel=\"nofollow noopener\" target=\"_blank\"><strong>Mikael Appelgren<\/strong> <\/a>vaktade ocks\u00e5 den bl\u00e5gula kassen.<\/p>\n<p>\u2013 Det \u00e4r positivt att alla fick st\u00e5 idag men sj\u00e4lvklart hoppas vi att det ska g\u00e5 bra f\u00f6r \u201dPalle\u201d, kommenterade Apelgren.<\/p>\n<p>Sverige inleder EM n\u00e4sta vecka p\u00e5 l\u00f6rdag. Premi\u00e4ren i Malm\u00f6 spelas mot Nederl\u00e4nderna.<\/p>\n<p>\u2013 Det k\u00e4nns bra nu. Det var viktigt f\u00f6r oss att besegra Brasilien tv\u00e5 g\u00e5nger om i veckan. Nu ser vi fram emot m\u00e4sterskapet, avslutade Sandell.<\/p>\n<p><strong>SVERIGE\u2013BRASILIEN 33\u201324<\/strong><strong> (17\u201311)<\/strong><\/p>\n<p><strong>Sverige:\u00a0<\/strong>Lukas Sandell 8, Hampus Wanne 5, Nikola Roganovic 4, Jonathan Carlsbog\u00e5rd 4, Albin Lagergren 2, Oscar Bergendahl 2, Daniel Pettersson 2, Felix M\u00f6ller, Jim Gottfridsson, Eric Johansson, Felix Montebovi, Max Darj.\u00a0<br \/><strong>Brasilien:\u00a0<\/strong>Bryan Monte 5, Leonardo Silveira 4, Edney Oliveira 3, Rudolph Hackbarth 3, Haniel Langaro 3, Vinicios Carvalho 2, Guilherme Borges 2, Gustav Andrade, Guilherme Miguel.<br \/><b>M\u00e5lutveckling: <\/b>5 min: 2\u20133, 10 min: 5\u20136, 15 min: 11\u20137, 20 min: 13\u201310, 25 min: 15\u201311, 30 min: 17-11, 35 min: 20\u201313, 40 min: 22\u201317, 45 min: 25\u201319, 50 min: 27\u201320, 55 min: 31\u201321, 60 min: 33\u201324.<br \/><b\/><strong>Utvisningar, Sverige:<\/strong> 2 x 2 min. <strong>Brasilien<\/strong><b>:<\/b> 1 x 2 min.<br \/><strong>Domare: <\/strong>Mattias Wetterwik &amp; Mirza Kurtagic, Sverige.<br \/><strong>Publik: <\/strong>4 014 (Partille Arena).<\/p>\n<p>KOMMANDE LANDSKAMPER<\/p>\n<p><b>17 januari, 20.30: <\/b>Sverige\u2013Nederl\u00e4nderna, EM (Malm\u00f6 Arena) \u00a0<a href=\"https:\/\/www.eventim.se\/en\/artist\/mensehfeuro2026\/mens-ehf-euro-2026-malmoe-3696428\/?affiliate=26H&amp;_gl=1*jxh4nl*_gcl_au*NzYwMTY4MTE4LjE3NTkzMTg1MDU.*_ga*MjExMjA5NDc4NC4xNzU5MzE4NTA1*_ga_XGW5MVF1LJ*czE3NjE3MzM3MzIkbzIkZzAkdDE3NjE3MzM3MzIkajYwJGwwJGgw\" rel=\"nofollow noopener\" target=\"_blank\">Biljetter<\/a><br \/><b>19 januari, 20.30:\u00a0<\/b>Georgien\u2013Sverige, EM (Malm\u00f6 Arena)\u00a0<a href=\"https:\/\/www.eventim.se\/en\/artist\/mensehfeuro2026\/mens-ehf-euro-2026-malmoe-3696428\/?affiliate=26H&amp;_gl=1*jxh4nl*_gcl_au*NzYwMTY4MTE4LjE3NTkzMTg1MDU.*_ga*MjExMjA5NDc4NC4xNzU5MzE4NTA1*_ga_XGW5MVF1LJ*czE3NjE3MzM3MzIkbzIkZzAkdDE3NjE3MzM3MzIkajYwJGwwJGgw\" rel=\"nofollow noopener\" target=\"_blank\">Biljetter<\/a><br \/><b>21 januari, 20.30:\u00a0<\/b>Sverige\u2013Kroatien, EM (Malm\u00f6 Arena)\u00a0<a href=\"https:\/\/www.eventim.se\/en\/artist\/mensehfeuro2026\/mens-ehf-euro-2026-malmoe-3696428\/?affiliate=26H&amp;_gl=1*jxh4nl*_gcl_au*NzYwMTY4MTE4LjE3NTkzMTg1MDU.*_ga*MjExMjA5NDc4NC4xNzU5MzE4NTA1*_ga_XGW5MVF1LJ*czE3NjE3MzM3MzIkbzIkZzAkdDE3NjE3MzM3MzIkajYwJGwwJGgw\" rel=\"nofollow noopener\" target=\"_blank\">Biljetter<\/a><\/p>\n<p>EM 2026<\/p>\n<p><strong>Datum:\u00a0<\/strong>15 januari\u20131 februari 2026<\/p>\n<p><strong>V\u00e4rdl\u00e4nder:\u00a0<\/strong>Sverige, Danmark och Norge<br \/><strong>V\u00e4rdst\u00e4der:\u00a0<\/strong>Malm\u00f6 (Malm\u00f6 Arena), Kristianstad (Kristianstad Arena), Herning (Jyske Bank Boxen), B\u00e6rum (Unity Arena)<\/p>\n<p><strong>Grupp A (Herning):<\/strong>\u00a0Tyskland, Spanien, \u00d6sterrike, Serbien<br \/><strong>Grupp B (Herning):<\/strong>\u00a0Danmark, Portugal, Nordmakedonien, Rum\u00e4nien<br \/><strong>Grupp C (B\u00e6rum):<\/strong>\u00a0Frankrike, Norge, Tjeckien, Ukraina<br \/><strong>Grupp D (B\u00e6rum):<\/strong>\u00a0Slovenien, F\u00e4r\u00f6arna, Montenegro, Schweiz<br \/><strong>Grupp E (Malm\u00f6):<\/strong>\u00a0Sverige, Kroatien, Nederl\u00e4nderna, Georgien<br \/><strong>Grupp F (Kristianstad):<\/strong>\u00a0Ungern, Island, Polen, Italien<br \/>De tv\u00e5 b\u00e4sta lagen fr\u00e5n grupperna A, B och C g\u00e5r vidare till huvudrundan i Herning, de tv\u00e5 b\u00e4sta lagen fr\u00e5n grupperna D, E och F g\u00e5r vidare till huvudrundan i Malm\u00f6.<br \/>De tv\u00e5 b\u00e4sta lagen fr\u00e5n respektive grupp i huvudrundan g\u00e5r vidare till semifinal i Herning, grupptreorna spelar om femteplats<br \/><strong><a href=\"https:\/\/handbollslandslaget.se\/herr\/em2026\" rel=\"nofollow noopener\" target=\"_blank\">Alla grupper, matcher och tabeller i EM<\/a><\/strong><\/p>\n<p>Text: Olof Thyrelius<br \/>Foto: Bildbyr\u00e5n<\/p>\n","protected":false},"excerpt":{"rendered":"Anf\u00f6rda av en ostoppbar Lukas Sandell vann Sverige fullt r\u00e4ttvist mot Brasilien p\u00e5 onsdagskv\u00e4llen. EM-genrepet slutade 33\u201324 (17\u201311).\u2013&hellip;\n","protected":false},"author":2,"featured_media":128861,"comment_status":"","ping_status":"","sticky":false,"template":"","format":"standard","meta":{"footnotes":""},"categories":[5],"tags":[12011,22,23,6360,26,27,17,21,24,25,6266,28,29,6267,13274,15,16,18,34,31,33,32,30,19,20],"class_list":{"0":"post-128860","1":"post","2":"type-post","3":"status-publish","4":"format-standard","5":"has-post-thumbnail","7":"category-rubriker","8":"tag-andreas-palicka","9":"tag-breaking-news","10":"tag-breakingnews","11":"tag-fabian-norsten","12":"tag-featured-news","13":"tag-featurednews","14":"tag-headlines","15":"tag-huvudnyheter","16":"tag-latest-news","17":"tag-latestnews","18":"tag-lukas-sandell","19":"tag-main-news","20":"tag-mainnews","21":"tag-michael-apelgren","22":"tag-mikael-appelgren","23":"tag-news","24":"tag-nyheter","25":"tag-rubriker","26":"tag-se","27":"tag-svenska","28":"tag-sverige","29":"tag-sweden","30":"tag-swedish","31":"tag-top-stories","32":"tag-topstories"},"share_on_mastodon":{"url":"https:\/\/pubeurope.com\/@se\/115855538459300784","error":""},"_links":{"self":[{"href":"https:\/\/www.europesays.com\/se\/wp-json\/wp\/v2\/posts\/128860","targetHints":{"allow":["GET"]}}],"collection":[{"href":"https:\/\/www.europesays.com\/se\/wp-json\/wp\/v2\/posts"}],"about":[{"href":"https:\/\/www.europesays.com\/se\/wp-json\/wp\/v2\/types\/post"}],"author":[{"embeddable":true,"href":"https:\/\/www.europesays.com\/se\/wp-json\/wp\/v2\/users\/2"}],"replies":[{"embeddable":true,"href":"https:\/\/www.europesays.com\/se\/wp-json\/wp\/v2\/comments?post=128860"}],"version-history":[{"count":0,"href":"https:\/\/www.europesays.com\/se\/wp-json\/wp\/v2\/posts\/128860\/revisions"}],"wp:featuredmedia":[{"embeddable":true,"href":"https:\/\/www.europesays.com\/se\/wp-json\/wp\/v2\/media\/128861"}],"wp:attachment":[{"href":"https:\/\/www.europesays.com\/se\/wp-json\/wp\/v2\/media?parent=128860"}],"wp:term":[{"taxonomy":"category","embeddable":true,"href":"https:\/\/www.europesays.com\/se\/wp-json\/wp\/v2\/categories?post=128860"},{"taxonomy":"post_tag","embeddable":true,"href":"https:\/\/www.europesays.com\/se\/wp-json\/wp\/v2\/tags?post=128860"}],"curies":[{"name":"wp","href":"https:\/\/api.w.org\/{rel}","templated":true}]}}