{"id":128862,"date":"2026-01-07T19:47:08","date_gmt":"2026-01-07T19:47:08","guid":{"rendered":"https:\/\/www.europesays.com\/se\/128862\/"},"modified":"2026-01-07T19:47:08","modified_gmt":"2026-01-07T19:47:08","slug":"david-granberg-klar-for-modo","status":"publish","type":"post","link":"https:\/\/www.europesays.com\/se\/128862\/","title":{"rendered":"David Granberg klar f\u00f6r Modo"},"content":{"rendered":"<p>Publicerad 7 jan 2026 kl 19.05Uppdaterad kl 19.54<\/p>\n<p>Modo f\u00f6rst\u00e4rker sitt lag.<\/p>\n<p>Enligt uppgifter till Expressen \u00e4r man \u00f6verens med Lule\u00e5 om ett l\u00e5n av forwarden David Granberg.<\/p>\n<p><img   alt=\"\"\/><\/p>\n<p>David Granberg.<\/p>\n<p>Foto: MICHAEL ERICHSEN \/ BILDBYR\u00c5N<\/p>\n<p>\u00d6ppna bild i helsk\u00e4rm<\/p>\n<p>F\u00f6r ett par dagar sedan ber\u00e4ttade <a href=\"https:\/\/hockeynews.se\/nyheter\/avslojar-modo-vill-ha-forward-fran-lulea\" rel=\"nofollow noopener\" target=\"_blank\">Hockeynews<\/a> att <a href=\"https:\/\/www.expressen.se\/tagg\/organization\/modo\/\" class=\"\" rel=\"nofollow noopener\" target=\"_blank\">Modo<\/a> ville plocka in forwarden David Granberg, som hamnat utanf\u00f6r i Lule\u00e5s lag.<\/p>\n<p>Nu \u00e4r allt klart.<\/p>\n<p>Granberg som blev svensk m\u00e4stare i v\u00e5ras med Lule\u00e5, och spelade i JVM-laget f\u00f6rra \u00e5ret, kommer att spela i Modo p\u00e5 l\u00e5n.<\/p>\n<p>Avtalet \u00e4r reglerat som ett dispensl\u00e5n, vilket kommer att kunna g\u00f6ra att Lule\u00e5 kan plocka tillbaka Granberg vid behov efter 15 februari.<\/p>\n<p>D\u00e5 spelar han med Modo<\/p>\n<p>20-\u00e5rige David Granberg har den h\u00e4r s\u00e4songen spelat 32 matcher f\u00f6r Lule\u00e5, men i de sex senaste har han suttit p\u00e5 b\u00e4nken hela matcherna, och d\u00e4rf\u00f6r vill Lule\u00e5 nu ha ut Granberg att f\u00e5 kontinuerlig speltid i Hockeyallsvenskan.<\/p>\n<p>Det kommer han nu f\u00e5 hos Modo.<\/p>\n<p>N\u00e5got som Lule\u00e5 senare bekr\u00e4ftade under onsdagskv\u00e4llen.<\/p>\n<p>\u201dHan kommer dock vara med under v\u00e5r bortaturn\u00e9 mot Fr\u00f6lunda, R\u00f6gle och Zug. David \u00e4r t\u00e4nkt att spela f\u00f6r Modo d\u00e4remellan i deras bortamatch mot Oskarshamn nu p\u00e5 fredag\u201d, skriver klubben.<\/p>\n","protected":false},"excerpt":{"rendered":"Publicerad 7 jan 2026 kl 19.05Uppdaterad kl 19.54 Modo f\u00f6rst\u00e4rker sitt lag. Enligt uppgifter till Expressen \u00e4r man&hellip;\n","protected":false},"author":2,"featured_media":128863,"comment_status":"","ping_status":"","sticky":false,"template":"","format":"standard","meta":{"footnotes":""},"categories":[68],"tags":[1178,936,34,255,823,111,110,31,33,32,30],"class_list":{"0":"post-128862","1":"post","2":"type-post","3":"status-publish","4":"format-standard","5":"has-post-thumbnail","7":"category-sport","8":"tag-organization-lulea-hockey","9":"tag-organization-modo","10":"tag-se","11":"tag-sections-ishockey","12":"tag-sections-shl","13":"tag-sport","14":"tag-sports","15":"tag-svenska","16":"tag-sverige","17":"tag-sweden","18":"tag-swedish"},"share_on_mastodon":{"url":"https:\/\/pubeurope.com\/@se\/115855546334499269","error":""},"_links":{"self":[{"href":"https:\/\/www.europesays.com\/se\/wp-json\/wp\/v2\/posts\/128862","targetHints":{"allow":["GET"]}}],"collection":[{"href":"https:\/\/www.europesays.com\/se\/wp-json\/wp\/v2\/posts"}],"about":[{"href":"https:\/\/www.europesays.com\/se\/wp-json\/wp\/v2\/types\/post"}],"author":[{"embeddable":true,"href":"https:\/\/www.europesays.com\/se\/wp-json\/wp\/v2\/users\/2"}],"replies":[{"embeddable":true,"href":"https:\/\/www.europesays.com\/se\/wp-json\/wp\/v2\/comments?post=128862"}],"version-history":[{"count":0,"href":"https:\/\/www.europesays.com\/se\/wp-json\/wp\/v2\/posts\/128862\/revisions"}],"wp:featuredmedia":[{"embeddable":true,"href":"https:\/\/www.europesays.com\/se\/wp-json\/wp\/v2\/media\/128863"}],"wp:attachment":[{"href":"https:\/\/www.europesays.com\/se\/wp-json\/wp\/v2\/media?parent=128862"}],"wp:term":[{"taxonomy":"category","embeddable":true,"href":"https:\/\/www.europesays.com\/se\/wp-json\/wp\/v2\/categories?post=128862"},{"taxonomy":"post_tag","embeddable":true,"href":"https:\/\/www.europesays.com\/se\/wp-json\/wp\/v2\/tags?post=128862"}],"curies":[{"name":"wp","href":"https:\/\/api.w.org\/{rel}","templated":true}]}}