{"id":128864,"date":"2026-01-07T19:48:07","date_gmt":"2026-01-07T19:48:07","guid":{"rendered":"https:\/\/www.europesays.com\/se\/128864\/"},"modified":"2026-01-07T19:48:07","modified_gmt":"2026-01-07T19:48:07","slug":"petra-mede-gastar-tintin-galan-i-lulea-idag","status":"publish","type":"post","link":"https:\/\/www.europesays.com\/se\/128864\/","title":{"rendered":"Petra Mede g\u00e4star Tintin-galan i Lule\u00e5 idag"},"content":{"rendered":"<p>Sedan debuten i Melodifestivalen 2009 har Petra Mede blivit Sveriges p\u00e5litligaste programledare och galadrottning. P\u00e5 meritlistan st\u00e5r allt fr\u00e5n Eurovision song contest till &#8221;Let\u00b4s dance&#8221;.\u2013 F\u00f6rsta g\u00e5ngen jag programledde Melodifestivalen, i G\u00f6teborg, var en rej\u00e4l urladdning m\u00e5ste jag s\u00e4ga, det var ganska chockartat. Men efter det har jag inte varit s\u00e5 sp\u00e4nd, ju st\u00f6rre<\/p>\n","protected":false},"excerpt":{"rendered":"Sedan debuten i Melodifestivalen 2009 har Petra Mede blivit Sveriges p\u00e5litligaste programledare och galadrottning. P\u00e5 meritlistan st\u00e5r allt&hellip;\n","protected":false},"author":2,"featured_media":128865,"comment_status":"","ping_status":"","sticky":false,"template":"","format":"standard","meta":{"footnotes":""},"categories":[67],"tags":[104,34,31,33,32,30,105],"class_list":{"0":"post-128864","1":"post","2":"type-post","3":"status-publish","4":"format-standard","5":"has-post-thumbnail","7":"category-underhallning","8":"tag-entertainment","9":"tag-se","10":"tag-svenska","11":"tag-sverige","12":"tag-sweden","13":"tag-swedish","14":"tag-underhallning"},"share_on_mastodon":{"url":"https:\/\/pubeurope.com\/@se\/115855550224562431","error":""},"_links":{"self":[{"href":"https:\/\/www.europesays.com\/se\/wp-json\/wp\/v2\/posts\/128864","targetHints":{"allow":["GET"]}}],"collection":[{"href":"https:\/\/www.europesays.com\/se\/wp-json\/wp\/v2\/posts"}],"about":[{"href":"https:\/\/www.europesays.com\/se\/wp-json\/wp\/v2\/types\/post"}],"author":[{"embeddable":true,"href":"https:\/\/www.europesays.com\/se\/wp-json\/wp\/v2\/users\/2"}],"replies":[{"embeddable":true,"href":"https:\/\/www.europesays.com\/se\/wp-json\/wp\/v2\/comments?post=128864"}],"version-history":[{"count":0,"href":"https:\/\/www.europesays.com\/se\/wp-json\/wp\/v2\/posts\/128864\/revisions"}],"wp:featuredmedia":[{"embeddable":true,"href":"https:\/\/www.europesays.com\/se\/wp-json\/wp\/v2\/media\/128865"}],"wp:attachment":[{"href":"https:\/\/www.europesays.com\/se\/wp-json\/wp\/v2\/media?parent=128864"}],"wp:term":[{"taxonomy":"category","embeddable":true,"href":"https:\/\/www.europesays.com\/se\/wp-json\/wp\/v2\/categories?post=128864"},{"taxonomy":"post_tag","embeddable":true,"href":"https:\/\/www.europesays.com\/se\/wp-json\/wp\/v2\/tags?post=128864"}],"curies":[{"name":"wp","href":"https:\/\/api.w.org\/{rel}","templated":true}]}}