{"id":128872,"date":"2026-01-07T19:56:09","date_gmt":"2026-01-07T19:56:09","guid":{"rendered":"https:\/\/www.europesays.com\/se\/128872\/"},"modified":"2026-01-07T19:56:09","modified_gmt":"2026-01-07T19:56:09","slug":"lindorff-avslojar-kaoset-pa-garden-en-chock","status":"publish","type":"post","link":"https:\/\/www.europesays.com\/se\/128872\/","title":{"rendered":"Lindorff avsl\u00f6jar kaoset p\u00e5 g\u00e5rden: \u201dEn chock\u201d"},"content":{"rendered":"<p>Publicerad 7 jan 2026 kl 20.45<\/p>\n<p>N\u00e4r tjejerna kom till Anders Moods g\u00e5rd i \u201dBonde s\u00f6ker fru \u2013 andra sommaren\u201d fick de sig en chock.\u00a0<\/p>\n<p>Det avsl\u00f6jar programledaren Linda Lindorff i \u201dNyhetsmorgon\u201d.\u00a0<\/p>\n<p>\u2013 Bara det h\u00e4r med bajset Anders, herregud, s\u00e4ger hon.\u00a0<\/p>\n<p><img   alt=\"\"\/><\/p>\n<p>Anders Mood s\u00f6ker k\u00e4rleken i \u201dBonde s\u00f6ker fru \u2013 andra sommaren\u201d.<\/p>\n<p>Foto: TV4<\/p>\n<p>\u00d6ppna bild i helsk\u00e4rm<img loading=\"lazy\"   alt=\"\"\/><\/p>\n<p>Nu hoppas han p\u00e5 att hitta k\u00e4rleken.<\/p>\n<p>Foto: TV4<\/p>\n<p>\u00d6ppna bild i helsk\u00e4rm<img loading=\"lazy\"   alt=\"\"\/><\/p>\n<p>Linda Lindorff.<\/p>\n<p>Foto: TV4<\/p>\n<p>\u00d6ppna bild i helsk\u00e4rm<\/p>\n<p>P\u00e5 onsdagen har en ny s\u00e4song av \u201dBonde s\u00f6ker fru \u2013\u00a0andra sommaren\u201d premi\u00e4r i TV4. H\u00e4r f\u00e5r personer som s\u00f6kt k\u00e4rleken i programmet just en andra chans till att hitta k\u00e4rleken.\u00a0<\/p>\n<p>I \u201dNyhetsmorgon\u201d ber\u00e4ttar <a href=\"https:\/\/www.expressen.se\/tagg\/person\/linda-lindorff\/\" class=\"\" rel=\"nofollow noopener\" target=\"_blank\">Linda Lindorff<\/a>, 53, om den nya s\u00e4songen och s\u00e4ger att den \u00e4r lite \u201dr\u00e5are och fr\u00e4ckare\u201d.\u00a0<\/p>\n<p>\u2013\u00a0Uppe hos Anders, \u00e5h det g\u00e5r s\u00e5 fort, ibland blev jag rentav nerv\u00f6s och undrade om vi ska s\u00e4tta mannen p\u00e5 hotell f\u00f6r att skydda honom. \u00c4r det verkligen samtycke i allt? Och det \u00e4r det f\u00f6rst\u00e5s, s\u00e4ger hon i TV4.\u00a0<\/p>\n<p>Linda Lindorff syftar p\u00e5 bonden Anders Mood, 35, som s\u00f6ker k\u00e4rleken i programmet.\u00a0<\/p>\n<p>Programledaren avsl\u00f6jar att det till en b\u00f6rjan var kaos p\u00e5 hans g\u00e5rd.\u00a0<\/p>\n<p>\u2013\u00a0Bara det h\u00e4r med bajset Anders, herregud, tjejerna fick en chock n\u00e4r de kom till g\u00e5rden.\u00a0<\/p>\n<p>Knepet inf\u00f6r k\u00e4rleken<\/p>\n<p>Bonden \u00e4r ocks\u00e5 med i \u201dNyhetsmorgon\u201d och skrattar \u00e5t Lindorffs ord.\u00a0<\/p>\n<p>Han ber\u00e4ttar mer om bajskaoset:\u00a0<\/p>\n<p>\u00a0\u2013 Det blev stopp i kulverten bara. Och d\u00e5 blir det lite mycket koskit och det var kanske lite k\u00e4nsligt f\u00f6r utsocknesfolk. Man ska b\u00f6rja med det v\u00e4rsta s\u00e5 kan det bara bli b\u00e4ttre.\u00a0<\/p>\n<p>Anders Mood s\u00e4ger att man egentligen borde ber\u00e4tta om sina baksidor f\u00f6rst.\u00a0<\/p>\n<p>\u2013 I st\u00e4llet f\u00f6r att sitta och s\u00e4ga att det h\u00e4r \u00e4r s\u00e5 bra. F\u00f6r vad har du f\u00f6r baksidor? F\u00f6r det \u00e4r dem man f\u00e5r dras med sen, s\u00e4ger han i \u201dNyhetsmorgon\u201d.\u00a0<\/p>\n","protected":false},"excerpt":{"rendered":"Publicerad 7 jan 2026 kl 20.45 N\u00e4r tjejerna kom till Anders Moods g\u00e5rd i \u201dBonde s\u00f6ker fru \u2013&hellip;\n","protected":false},"author":2,"featured_media":128873,"comment_status":"","ping_status":"","sticky":false,"template":"","format":"standard","meta":{"footnotes":""},"categories":[67],"tags":[104,3979,1245,384,3980,34,31,33,32,30,310,547,218,105],"class_list":{"0":"post-128872","1":"post","2":"type-post","3":"status-publish","4":"format-standard","5":"has-post-thumbnail","7":"category-underhallning","8":"tag-entertainment","9":"tag-organization-bonde-soker-fru","10":"tag-organization-nyhetsmorgon","11":"tag-organization-tv4","12":"tag-person-linda-lindorff","13":"tag-se","14":"tag-svenska","15":"tag-sverige","16":"tag-sweden","17":"tag-swedish","18":"tag-topic-kandisar","19":"tag-topic-karlek-relationer","20":"tag-topic-realityprogram","21":"tag-underhallning"},"share_on_mastodon":{"url":"https:\/\/pubeurope.com\/@se\/115855581761280580","error":""},"_links":{"self":[{"href":"https:\/\/www.europesays.com\/se\/wp-json\/wp\/v2\/posts\/128872","targetHints":{"allow":["GET"]}}],"collection":[{"href":"https:\/\/www.europesays.com\/se\/wp-json\/wp\/v2\/posts"}],"about":[{"href":"https:\/\/www.europesays.com\/se\/wp-json\/wp\/v2\/types\/post"}],"author":[{"embeddable":true,"href":"https:\/\/www.europesays.com\/se\/wp-json\/wp\/v2\/users\/2"}],"replies":[{"embeddable":true,"href":"https:\/\/www.europesays.com\/se\/wp-json\/wp\/v2\/comments?post=128872"}],"version-history":[{"count":0,"href":"https:\/\/www.europesays.com\/se\/wp-json\/wp\/v2\/posts\/128872\/revisions"}],"wp:featuredmedia":[{"embeddable":true,"href":"https:\/\/www.europesays.com\/se\/wp-json\/wp\/v2\/media\/128873"}],"wp:attachment":[{"href":"https:\/\/www.europesays.com\/se\/wp-json\/wp\/v2\/media?parent=128872"}],"wp:term":[{"taxonomy":"category","embeddable":true,"href":"https:\/\/www.europesays.com\/se\/wp-json\/wp\/v2\/categories?post=128872"},{"taxonomy":"post_tag","embeddable":true,"href":"https:\/\/www.europesays.com\/se\/wp-json\/wp\/v2\/tags?post=128872"}],"curies":[{"name":"wp","href":"https:\/\/api.w.org\/{rel}","templated":true}]}}