{"id":128880,"date":"2026-01-07T20:04:11","date_gmt":"2026-01-07T20:04:11","guid":{"rendered":"https:\/\/www.europesays.com\/se\/128880\/"},"modified":"2026-01-07T20:04:11","modified_gmt":"2026-01-07T20:04:11","slug":"robyn-slapper-nytt-album-sexistential","status":"publish","type":"post","link":"https:\/\/www.europesays.com\/se\/128880\/","title":{"rendered":"Robyn sl\u00e4pper nytt album: \u201dSexistential\u201d"},"content":{"rendered":"<p>Albumet har nio l\u00e5tar, bland annat singeln \u201dDopamine\u201d som sl\u00e4pptes i november f\u00f6rra \u00e5ret, enligt ett pressmeddelande fr\u00e5n skivbolaget Playground Music.<\/p>\n<p>I samband med tillk\u00e4nnagivandet sl\u00e4pper Robyn tv\u00e5 l\u00e5tar fr\u00e5n albumet, titelsp\u00e5ret \u201dSexistential\u201d och \u201dTalk to me\u201d. Hon kommer \u00e4ven att framf\u00f6ra \u201dSexistential\u201d i den amerikanska talkshowen \u201dThe late night show with Stephen Colbert\u201d p\u00e5 onsdagen, enligt skivbolaget.<\/p>\n","protected":false},"excerpt":{"rendered":"Albumet har nio l\u00e5tar, bland annat singeln \u201dDopamine\u201d som sl\u00e4pptes i november f\u00f6rra \u00e5ret, enligt ett pressmeddelande fr\u00e5n&hellip;\n","protected":false},"author":2,"featured_media":128881,"comment_status":"","ping_status":"","sticky":false,"template":"","format":"standard","meta":{"footnotes":""},"categories":[67],"tags":[104,34,31,33,32,30,105],"class_list":{"0":"post-128880","1":"post","2":"type-post","3":"status-publish","4":"format-standard","5":"has-post-thumbnail","7":"category-underhallning","8":"tag-entertainment","9":"tag-se","10":"tag-svenska","11":"tag-sverige","12":"tag-sweden","13":"tag-swedish","14":"tag-underhallning"},"share_on_mastodon":{"url":"https:\/\/pubeurope.com\/@se\/115855613195257893","error":""},"_links":{"self":[{"href":"https:\/\/www.europesays.com\/se\/wp-json\/wp\/v2\/posts\/128880","targetHints":{"allow":["GET"]}}],"collection":[{"href":"https:\/\/www.europesays.com\/se\/wp-json\/wp\/v2\/posts"}],"about":[{"href":"https:\/\/www.europesays.com\/se\/wp-json\/wp\/v2\/types\/post"}],"author":[{"embeddable":true,"href":"https:\/\/www.europesays.com\/se\/wp-json\/wp\/v2\/users\/2"}],"replies":[{"embeddable":true,"href":"https:\/\/www.europesays.com\/se\/wp-json\/wp\/v2\/comments?post=128880"}],"version-history":[{"count":0,"href":"https:\/\/www.europesays.com\/se\/wp-json\/wp\/v2\/posts\/128880\/revisions"}],"wp:featuredmedia":[{"embeddable":true,"href":"https:\/\/www.europesays.com\/se\/wp-json\/wp\/v2\/media\/128881"}],"wp:attachment":[{"href":"https:\/\/www.europesays.com\/se\/wp-json\/wp\/v2\/media?parent=128880"}],"wp:term":[{"taxonomy":"category","embeddable":true,"href":"https:\/\/www.europesays.com\/se\/wp-json\/wp\/v2\/categories?post=128880"},{"taxonomy":"post_tag","embeddable":true,"href":"https:\/\/www.europesays.com\/se\/wp-json\/wp\/v2\/tags?post=128880"}],"curies":[{"name":"wp","href":"https:\/\/api.w.org\/{rel}","templated":true}]}}