{"id":128892,"date":"2026-01-07T20:13:14","date_gmt":"2026-01-07T20:13:14","guid":{"rendered":"https:\/\/www.europesays.com\/se\/128892\/"},"modified":"2026-01-07T20:13:14","modified_gmt":"2026-01-07T20:13:14","slug":"asus-presenterar-router-med-wifi-8","status":"publish","type":"post","link":"https:\/\/www.europesays.com\/se\/128892\/","title":{"rendered":"Asus presenterar router med WiFi 8"},"content":{"rendered":"<p class=\"kicker t20 font-Raleway\" style=\"\">Startar tv\u00e5 \u00e5r f\u00f6re standard<\/p>\n<p>\n        ASUS ROG NeoCore concept<\/p>\n<p>    ASUS har presenterat ett f\u00f6rsta koncept f\u00f6r en router med den kommande standarden WiFi\u202f8, med lansering planerad till 2026.<\/p>\n<p>ASUS har presenterat sin f\u00f6rsta router baserad p\u00e5 den kommande standarden\u00a0WiFi\u202f8. Produkten, som kallas ROG\u00a0NeoCore, visades upp som ett koncept under teknikm\u00e4ssan CES\u202f2026 tillsammans med v\u00e4rldens f\u00f6rsta verkliga prestandatest av\u00a0WiFi\u202f8. Enligt f\u00f6retaget markerar\u00a0det\u00a0h\u00e4r\u00a0steget\u00a0fr\u00e5n teori till praktisk anv\u00e4ndning av den nya tekniken.\u00a0<\/p>\n<p>WiFi\u202f8 \u00e4r inte fr\u00e4mst t\u00e4nkt att ge h\u00f6gre topphastigheter, utan ska i st\u00e4llet f\u00f6rb\u00e4ttra stabilitet, t\u00e4ckning och svarstider i tr\u00e5dl\u00f6sa n\u00e4tverk. I tester j\u00e4mf\u00f6rt med\u00a0WiFi\u202f7 uppges\u00a0WiFi\u202f8 ge upp till dubbelt s\u00e5 h\u00f6g genomstr\u00f6mning p\u00e5 medell\u00e5nga avst\u00e5nd, dubbelt s\u00e5 bred t\u00e4ckning f\u00f6r uppkopplade\u00a0IoT\u2011enheter,\u00a0och upp till sex g\u00e5nger l\u00e4gre f\u00f6rdr\u00f6jning i belastade n\u00e4tverk. F\u00f6rb\u00e4ttringarna bygger p\u00e5 smartare samordning mellan flera accesspunkter och anslutna enheter.\u00a0<\/p>\n<p>ASUS lyfter fram att\u00a0WiFi\u202f8 \u00e4r anpassat f\u00f6r milj\u00f6er med m\u00e5nga tr\u00e5dl\u00f6sa n\u00e4tverk, som flerbostadshus, samt f\u00f6r smarta hem\u2011produkter med l\u00e5g str\u00f6mf\u00f6rbrukning. Tekniken ska ocks\u00e5 ge j\u00e4mnare prestanda n\u00e4r m\u00e5nga enheter anv\u00e4nds samtidigt. F\u00f6retaget planerar att lansera sina f\u00f6rsta\u00a0WiFi\u202f8\u2011routrar och\u00a0mesh\u2011system f\u00f6r hemmabruk under 2026.\u00a0<\/p>\n<p>Enligt de uppgifter som finns tillg\u00e4ngliga just nu v\u00e4ntas IEEE:s officiella\u00a0WiFi\u00a08\u2011standard (802.11bn, \u00e4ven kallad Ultra\u00a0High\u00a0Reliability) bli f\u00e4rdigst\u00e4lld \u00e5r 2028.\u00a0<\/p>\n<p>                Relaterade artiklar<\/p>\n<p class=\"tags\" style=\"margin-top: 0; padding-top: 0;\">\n            <a href=\"https:\/\/www.mobil.se\/tagg\/asus\" rel=\"nofollow noopener\" target=\"_blank\">asus<\/a><br \/>\n            <a href=\"https:\/\/www.mobil.se\/tagg\/android\" rel=\"nofollow noopener\" target=\"_blank\">android<\/a><br \/>\n            <a href=\"https:\/\/www.mobil.se\/tagg\/ios\" rel=\"nofollow noopener\" target=\"_blank\">ios<\/a><br \/>\n            <a href=\"https:\/\/www.mobil.se\/tagg\/wifi 8\" rel=\"nofollow noopener\" target=\"_blank\">wifi 8<\/a>\n        <\/p>\n","protected":false},"excerpt":{"rendered":"Startar tv\u00e5 \u00e5r f\u00f6re standard ASUS ROG NeoCore concept ASUS har presenterat ett f\u00f6rsta koncept f\u00f6r en router&hellip;\n","protected":false},"author":2,"featured_media":128893,"comment_status":"","ping_status":"","sticky":false,"template":"","format":"standard","meta":{"footnotes":""},"categories":[66],"tags":[80,78,79,34,31,33,32,30,81,84,83,82],"class_list":{"0":"post-128892","1":"post","2":"type-post","3":"status-publish","4":"format-standard","5":"has-post-thumbnail","7":"category-vetenskap-och-teknik","8":"tag-science","9":"tag-science-and-technology","10":"tag-scienceandtechnology","11":"tag-se","12":"tag-svenska","13":"tag-sverige","14":"tag-sweden","15":"tag-swedish","16":"tag-technology","17":"tag-teknik","18":"tag-vetenskap","19":"tag-vetenskapteknik"},"share_on_mastodon":{"url":"https:\/\/pubeurope.com\/@se\/115855648516716998","error":""},"_links":{"self":[{"href":"https:\/\/www.europesays.com\/se\/wp-json\/wp\/v2\/posts\/128892","targetHints":{"allow":["GET"]}}],"collection":[{"href":"https:\/\/www.europesays.com\/se\/wp-json\/wp\/v2\/posts"}],"about":[{"href":"https:\/\/www.europesays.com\/se\/wp-json\/wp\/v2\/types\/post"}],"author":[{"embeddable":true,"href":"https:\/\/www.europesays.com\/se\/wp-json\/wp\/v2\/users\/2"}],"replies":[{"embeddable":true,"href":"https:\/\/www.europesays.com\/se\/wp-json\/wp\/v2\/comments?post=128892"}],"version-history":[{"count":0,"href":"https:\/\/www.europesays.com\/se\/wp-json\/wp\/v2\/posts\/128892\/revisions"}],"wp:featuredmedia":[{"embeddable":true,"href":"https:\/\/www.europesays.com\/se\/wp-json\/wp\/v2\/media\/128893"}],"wp:attachment":[{"href":"https:\/\/www.europesays.com\/se\/wp-json\/wp\/v2\/media?parent=128892"}],"wp:term":[{"taxonomy":"category","embeddable":true,"href":"https:\/\/www.europesays.com\/se\/wp-json\/wp\/v2\/categories?post=128892"},{"taxonomy":"post_tag","embeddable":true,"href":"https:\/\/www.europesays.com\/se\/wp-json\/wp\/v2\/tags?post=128892"}],"curies":[{"name":"wp","href":"https:\/\/api.w.org\/{rel}","templated":true}]}}