{"id":128901,"date":"2026-01-07T20:21:17","date_gmt":"2026-01-07T20:21:17","guid":{"rendered":"https:\/\/www.europesays.com\/se\/128901\/"},"modified":"2026-01-07T20:21:17","modified_gmt":"2026-01-07T20:21:17","slug":"honor-spranger-10000-mah-gransen","status":"publish","type":"post","link":"https:\/\/www.europesays.com\/se\/128901\/","title":{"rendered":"Honor spr\u00e4nger 10000 mAh-gr\u00e4nsen"},"content":{"rendered":"<p class=\"kicker t20 font-Raleway\" style=\"\">Med massiv batterikapacitet<\/p>\n<p>    Honor Power 2 \u00e4r en ny smarttelefon som satsar p\u00e5 extrem batteritid, h\u00f6g prestanda och vattent\u00e5lig konstruktion.<\/p>\n<p>Honor har presenterat den nya smarttelefonen <a href=\"https:\/\/www.honor.com\/cn\/shop\/product\/10086147705665.html?cid=132367 \" target=\"_blank\" rel=\"nofollow noopener\">Honor Power 2<\/a>, som utm\u00e4rker sig genom ett ovanligt stort batteri p\u00e5 10\u202f080\u00a0mAh.\u00a0Det \u00e4r tack vare ny kisel\u2011kol\u2011teknik\u00a0som\u00a0tillverkaren\u00a0har\u00a0kunnat kombinera den h\u00f6ga kapaciteten med ett relativt tunt chassi p\u00e5 knappt \u00e5tta millimeter och en vikt p\u00e5 216 gram. Enligt Honor ska batteriet r\u00e4cka till \u00f6ver 26 timmars videouppspelning. Telefonen st\u00f6der 80 watt tr\u00e5dbunden laddning och kan \u00e4ven anv\u00e4ndas f\u00f6r att ladda andra enheter med upp till 27 watt.\u00a0<\/p>\n<p>Honor Power 2 har en 6,79 tum stor AMOLED\u2011sk\u00e4rm med FHD+-uppl\u00f6sning, 120 Hz uppdateringsfrekvens och en maximal ljusstyrka p\u00e5 1800 nits. Den \u00e4r ocks\u00e5 ovanligt t\u00e5lig f\u00f6r sin storlek och har certifieringar f\u00f6r b\u00e5de IP68 och IP69K, vilket inneb\u00e4r skydd mot vatten, damm och h\u00f6gtrycksspolning. Inuti sitter det nya\u00a0MediaTek\u00a0Dimensity\u00a08500\u00a0Elite\u00a0tillsammans med 12\u00a0gigabyte arbetsminne\u00a0och upp till 512\u00a0gigabyte\u00a0lagring.\u00a0<\/p>\n<p>Kameraupps\u00e4ttningen best\u00e5r av en 50 megapixels huvudkamera med optisk bildstabilisering samt en enklare vidvinkelkamera. Telefonen levereras med\u00a0MagicOS\u00a010\u00a0som baserar sig\u00a0p\u00e5 Android 16. Honor Power 2 lanseras f\u00f6rst i Kina, men det finns \u00e4nnu inga uppgifter om n\u00e4r eller om modellen kommer till andra marknader.\u00a0<\/p>\n","protected":false},"excerpt":{"rendered":"Med massiv batterikapacitet Honor Power 2 \u00e4r en ny smarttelefon som satsar p\u00e5 extrem batteritid, h\u00f6g prestanda och&hellip;\n","protected":false},"author":2,"featured_media":128902,"comment_status":"","ping_status":"","sticky":false,"template":"","format":"standard","meta":{"footnotes":""},"categories":[66],"tags":[80,78,79,34,31,33,32,30,81,84,83,82],"class_list":{"0":"post-128901","1":"post","2":"type-post","3":"status-publish","4":"format-standard","5":"has-post-thumbnail","7":"category-vetenskap-och-teknik","8":"tag-science","9":"tag-science-and-technology","10":"tag-scienceandtechnology","11":"tag-se","12":"tag-svenska","13":"tag-sverige","14":"tag-sweden","15":"tag-swedish","16":"tag-technology","17":"tag-teknik","18":"tag-vetenskap","19":"tag-vetenskapteknik"},"share_on_mastodon":{"url":"https:\/\/pubeurope.com\/@se\/115855679971543482","error":""},"_links":{"self":[{"href":"https:\/\/www.europesays.com\/se\/wp-json\/wp\/v2\/posts\/128901","targetHints":{"allow":["GET"]}}],"collection":[{"href":"https:\/\/www.europesays.com\/se\/wp-json\/wp\/v2\/posts"}],"about":[{"href":"https:\/\/www.europesays.com\/se\/wp-json\/wp\/v2\/types\/post"}],"author":[{"embeddable":true,"href":"https:\/\/www.europesays.com\/se\/wp-json\/wp\/v2\/users\/2"}],"replies":[{"embeddable":true,"href":"https:\/\/www.europesays.com\/se\/wp-json\/wp\/v2\/comments?post=128901"}],"version-history":[{"count":0,"href":"https:\/\/www.europesays.com\/se\/wp-json\/wp\/v2\/posts\/128901\/revisions"}],"wp:featuredmedia":[{"embeddable":true,"href":"https:\/\/www.europesays.com\/se\/wp-json\/wp\/v2\/media\/128902"}],"wp:attachment":[{"href":"https:\/\/www.europesays.com\/se\/wp-json\/wp\/v2\/media?parent=128901"}],"wp:term":[{"taxonomy":"category","embeddable":true,"href":"https:\/\/www.europesays.com\/se\/wp-json\/wp\/v2\/categories?post=128901"},{"taxonomy":"post_tag","embeddable":true,"href":"https:\/\/www.europesays.com\/se\/wp-json\/wp\/v2\/tags?post=128901"}],"curies":[{"name":"wp","href":"https:\/\/api.w.org\/{rel}","templated":true}]}}