{"id":128910,"date":"2026-01-07T20:28:11","date_gmt":"2026-01-07T20:28:11","guid":{"rendered":"https:\/\/www.europesays.com\/se\/128910\/"},"modified":"2026-01-07T20:28:11","modified_gmt":"2026-01-07T20:28:11","slug":"therese-lindgren-borjar-med-youtube-igen","status":"publish","type":"post","link":"https:\/\/www.europesays.com\/se\/128910\/","title":{"rendered":"Ther\u00e9se Lindgren b\u00f6rjar med Youtube igen"},"content":{"rendered":"<p>Publicerad 7 jan 2026 kl 19.39Uppdaterad kl 19.45<\/p>\n<p>Ther\u00e9se Lindgren \u00e5terv\u00e4nder till Youtube.<\/p>\n<p>Det avsl\u00f6jar hon p\u00e5 sin Instagram story.<\/p>\n<p>\u2013 Jag \u00e4r livr\u00e4dd men tror det kan bli v\u00e4ldigt kul, s\u00e4ger hon i inl\u00e4gget.<\/p>\n<p><img   alt=\"\"\/><\/p>\n<p>Th\u00e9rese Lindgren \u00e5terv\u00e4nder till Youtube med f\u00e4stmannen Anders Vesterlund.<\/p>\n<p>\u00d6ppna bild i helsk\u00e4rm<img loading=\"lazy\"   alt=\"\"\/><\/p>\n<p>Ther\u00e9se Lindgren slutade med Youtube i november 2023.<\/p>\n<p>Foto: HANNA BRUNL\u00d6F WINDELL<\/p>\n<p>\u00d6ppna bild i helsk\u00e4rm<img loading=\"lazy\"   alt=\"\"\/><\/p>\n<p>Ther\u00e9se Lindgren var en av Sveriges absolut st\u00f6rsta p\u00e5 Youtube.<\/p>\n<p>Foto: TV4.<\/p>\n<p>\u00d6ppna bild i helsk\u00e4rm<\/p>\n<p>Hon var en Sveriges absolut st\u00f6rsta youtubers n\u00e4r hon la av i november 2023. Fansen var inte glada, men nu meddelar hon p\u00e5 Instagram att hon ska b\u00f6rja med <a href=\"https:\/\/www.expressen.se\/tagg\/organization\/youtube\/\" class=\"\" rel=\"nofollow noopener\" target=\"_blank\">Youtube<\/a> igen.<\/p>\n<p>Den h\u00e4r g\u00e5ngen blir det tillsammans med f\u00e4stmannen Anders Vesterlund, ber\u00e4ttar hon p\u00e5 Instagram.<\/p>\n<p>\u2013 Jag har typ ett announcement som jag t\u00e4nkte ta lite s\u00e5 h\u00e4r i smyg h\u00e4r p\u00e5 story. Jag och Anders har kommit fram till att vi ska b\u00f6rja med Youtube. Allts\u00e5 vi ska revive my channel.<\/p>\n<p>Hon ber\u00e4ttar att hon var less p\u00e5 Youtube och tyckte det var sk\u00f6nt att l\u00e4gga ner men att hon nu \u00e4r taggad igen.<\/p>\n<p>\u2013 Ju l\u00e4ngre tiden g\u00e5tt desto mer k\u00e4nner jag att det k\u00e4nns s\u00e5 kul! s\u00e4ger hon.<\/p>\n<p>\u201dTestar oss fram\u201d<\/p>\n<p>Planen \u00e4r att b\u00f6rja med att g\u00f6ra en l\u00e4ngre video i m\u00e5naden och hon uppmanar f\u00f6ljarna att ge tips p\u00e5 inneh\u00e5ll.<\/p>\n<p>\u2013 Om ni vill ber\u00e4tta vad nu skulle vilja se f\u00f6r videos f\u00e5r ni g\u00e4rna skriva till mig annars testar vi oss fram lite grann, forts\u00e4tter hon i inl\u00e4gget p\u00e5 Instagram story.<\/p>\n<p>Ther\u00e9se Lindgren b\u00f6rjade med Youtube 2013 och fick snabbt en stor publik med personliga videor om bland annat sk\u00f6nhet, hudv\u00e5rd, psykisk h\u00e4lsa och livsstil.<\/p>\n<p>Hon var bland de f\u00f6rsta svensktalande Youtubers att n\u00e5 \u00f6ver 1 miljon prenumeranter.<\/p>\n","protected":false},"excerpt":{"rendered":"Publicerad 7 jan 2026 kl 19.39Uppdaterad kl 19.45 Ther\u00e9se Lindgren \u00e5terv\u00e4nder till Youtube. Det avsl\u00f6jar hon p\u00e5 sin&hellip;\n","protected":false},"author":2,"featured_media":128911,"comment_status":"","ping_status":"","sticky":false,"template":"","format":"standard","meta":{"footnotes":""},"categories":[67],"tags":[104,759,13277,34,31,33,32,30,1967,105],"class_list":{"0":"post-128910","1":"post","2":"type-post","3":"status-publish","4":"format-standard","5":"has-post-thumbnail","7":"category-underhallning","8":"tag-entertainment","9":"tag-organization-youtube","10":"tag-person-therese-lindgren","11":"tag-se","12":"tag-svenska","13":"tag-sverige","14":"tag-sweden","15":"tag-swedish","16":"tag-topic-kandisintervju","17":"tag-underhallning"},"share_on_mastodon":{"url":"https:\/\/pubeurope.com\/@se\/115855707560397591","error":""},"_links":{"self":[{"href":"https:\/\/www.europesays.com\/se\/wp-json\/wp\/v2\/posts\/128910","targetHints":{"allow":["GET"]}}],"collection":[{"href":"https:\/\/www.europesays.com\/se\/wp-json\/wp\/v2\/posts"}],"about":[{"href":"https:\/\/www.europesays.com\/se\/wp-json\/wp\/v2\/types\/post"}],"author":[{"embeddable":true,"href":"https:\/\/www.europesays.com\/se\/wp-json\/wp\/v2\/users\/2"}],"replies":[{"embeddable":true,"href":"https:\/\/www.europesays.com\/se\/wp-json\/wp\/v2\/comments?post=128910"}],"version-history":[{"count":0,"href":"https:\/\/www.europesays.com\/se\/wp-json\/wp\/v2\/posts\/128910\/revisions"}],"wp:featuredmedia":[{"embeddable":true,"href":"https:\/\/www.europesays.com\/se\/wp-json\/wp\/v2\/media\/128911"}],"wp:attachment":[{"href":"https:\/\/www.europesays.com\/se\/wp-json\/wp\/v2\/media?parent=128910"}],"wp:term":[{"taxonomy":"category","embeddable":true,"href":"https:\/\/www.europesays.com\/se\/wp-json\/wp\/v2\/categories?post=128910"},{"taxonomy":"post_tag","embeddable":true,"href":"https:\/\/www.europesays.com\/se\/wp-json\/wp\/v2\/tags?post=128910"}],"curies":[{"name":"wp","href":"https:\/\/api.w.org\/{rel}","templated":true}]}}