{"id":128915,"date":"2026-01-07T20:35:08","date_gmt":"2026-01-07T20:35:08","guid":{"rendered":"https:\/\/www.europesays.com\/se\/128915\/"},"modified":"2026-01-07T20:35:08","modified_gmt":"2026-01-07T20:35:08","slug":"2026-inleddes-med-vinst-savehof","status":"publish","type":"post","link":"https:\/\/www.europesays.com\/se\/128915\/","title":{"rendered":"2026 inleddes med vinst &#8211; S\u00e4vehof"},"content":{"rendered":"<p><b>Borta mot HK Aran\u00e4s lyckades IK S\u00e4vehof v\u00e4nda ett trem\u00e5lsunderl\u00e4ge till seger i den andra halvleken. 12\u201315 i halvtid ledde till slut fram till vinst med 26\u201324.<\/b><\/p>\n<p>En vecka in p\u00e5 det nya \u00e5ret spelade S\u00e4vehof f\u00f6rsta matchen f\u00f6r 2026. Trots en hel del sn\u00f6 p\u00e5 v\u00e4garna tog sig laget fr\u00e5n Partille till Kungsbacka p\u00e5 onsdagskv\u00e4llen f\u00f6r m\u00f6tet med Aran\u00e4s d\u00e4r ett lurigt 3\u20133-f\u00f6rsvar var ett av hindren som skulle beh\u00f6va \u00f6verlistas f\u00f6r att n\u00e5 fram till segern.<\/p>\n<p>Matchinledningen bj\u00f6d p\u00e5 en hel del m\u00e5l \u00e5t b\u00e4gge h\u00e5ll. S\u00e4vehof var i ledning med 6\u20135 efter \u00e5tta spelade minuter, men sedan blev det betydligt sv\u00e5rare att hitta n\u00e4tet. Efter bland annat tv\u00e5 straffmissar kunde ist\u00e4llet hemmalaget etablera ett f\u00f6rspr\u00e5ng som resulterade i gulsvart underl\u00e4ge med 12\u201315 efter 30 minuters spel.<\/p>\n<p>Dubbla reduceringar signerade El\u00edn Klara Thorkelsd\u00f3ttir och Emma Mihailovic i upptakten av den andra halvleken skapade direktkontakt med motst\u00e5ndarna. D\u00e4refter hittade Matilda Forsberg fram till kvitteringen p\u00e5 15\u201315. Med ett fj\u00e4rde S\u00e4vehof-m\u00e5l i f\u00f6ljd forcerade Thorkelsd\u00f3ttir sedan in ledningsbollen innan det ist\u00e4llet var Aran\u00e4s tur att utj\u00e4mna.<\/p>\n<p>En omedelbar spurt mot de tv\u00e5 po\u00e4ngen uteblev. Det stod och v\u00e4gde en aning innan Andreas Wallins lag gick fr\u00e5n underl\u00e4ge 19\u201320 till \u00f6vertag med 24\u201321 n\u00e4r knappt tio minuter \u00e5terstod p\u00e5 klockan.<\/p>\n<p>I S\u00e4vehofs v\u00e4ndning och slutliga seger med 26\u201324 spelade Wilma Saul en huvudroll mellan stolparna. \u00d6ver 50 i r\u00e4ddningsprocent och en vass straffr\u00e4ddning, d\u00e4r hon backat in p\u00e5 m\u00e5llinjen och skickligt l\u00e4st avslutet fr\u00e5n sju meter, gav matchavg\u00f6rande f\u00f6ruts\u00e4ttningar.<\/p>\n<p>N\u00e4sta match spelas i\u00a0 Arena \u00c4lvh\u00f6gsborg i Trollh\u00e4ttan p\u00e5 s\u00f6ndag. S\u00e4vehof st\u00e5r d\u00e5 som hemmalag i m\u00f6tet med Sk\u00f6vde.<\/p>\n<p><b>HK Aran\u00e4s \u2013 IK S\u00e4vehof 24\u201326 (15\u201312)<\/b><\/p>\n<p><b>HK Aran\u00e4s m\u00e5lskyttar:<\/b> Anna Heed 4, Linnea Lang 4, Madeleine Lindgren 4, Alva Persson 4, Tilda Kj\u00f6rling 2, Lovis Jansson 2, Elin \u00c5kesson 1, Elsa Bergkvist 1, Nova Hall\u00e9n 1 och Rebecca Hofsten 1.<\/p>\n<p><b>IK S\u00e4vehofs m\u00e5lskyttar: <\/b>El\u00edn Klara Thorkelsd\u00f3ttir 7, Madeleine Rehnberg 4, Tilde Skoog 3, Hilma Knutsson 2, Stina Wiksfors 2, Matilda Forsberg 2, Emma Mihailovic 2, Ida Sembe 1, Ida Landberg 1, Kim Molenaar 1 och Nina Dano 1.<\/p>\n<p><strong>\u2013 Erik Malmqvist<\/strong><\/p>\n","protected":false},"excerpt":{"rendered":"Borta mot HK Aran\u00e4s lyckades IK S\u00e4vehof v\u00e4nda ett trem\u00e5lsunderl\u00e4ge till seger i den andra halvleken. 12\u201315 i&hellip;\n","protected":false},"author":2,"featured_media":128916,"comment_status":"","ping_status":"","sticky":false,"template":"","format":"standard","meta":{"footnotes":""},"categories":[68],"tags":[12638,12233,13278,12641,34,111,110,31,33,32,30,12814],"class_list":{"0":"post-128915","1":"post","2":"type-post","3":"status-publish","4":"format-standard","5":"has-post-thumbnail","7":"category-sport","8":"tag-andreas-wallin","9":"tag-elin-klara-thorkelsdottir","10":"tag-emma-mihailovic","11":"tag-matilda-forsberg","12":"tag-se","13":"tag-sport","14":"tag-sports","15":"tag-svenska","16":"tag-sverige","17":"tag-sweden","18":"tag-swedish","19":"tag-wilma-saul"},"share_on_mastodon":{"url":"https:\/\/pubeurope.com\/@se\/115855735013821320","error":""},"_links":{"self":[{"href":"https:\/\/www.europesays.com\/se\/wp-json\/wp\/v2\/posts\/128915","targetHints":{"allow":["GET"]}}],"collection":[{"href":"https:\/\/www.europesays.com\/se\/wp-json\/wp\/v2\/posts"}],"about":[{"href":"https:\/\/www.europesays.com\/se\/wp-json\/wp\/v2\/types\/post"}],"author":[{"embeddable":true,"href":"https:\/\/www.europesays.com\/se\/wp-json\/wp\/v2\/users\/2"}],"replies":[{"embeddable":true,"href":"https:\/\/www.europesays.com\/se\/wp-json\/wp\/v2\/comments?post=128915"}],"version-history":[{"count":0,"href":"https:\/\/www.europesays.com\/se\/wp-json\/wp\/v2\/posts\/128915\/revisions"}],"wp:featuredmedia":[{"embeddable":true,"href":"https:\/\/www.europesays.com\/se\/wp-json\/wp\/v2\/media\/128916"}],"wp:attachment":[{"href":"https:\/\/www.europesays.com\/se\/wp-json\/wp\/v2\/media?parent=128915"}],"wp:term":[{"taxonomy":"category","embeddable":true,"href":"https:\/\/www.europesays.com\/se\/wp-json\/wp\/v2\/categories?post=128915"},{"taxonomy":"post_tag","embeddable":true,"href":"https:\/\/www.europesays.com\/se\/wp-json\/wp\/v2\/tags?post=128915"}],"curies":[{"name":"wp","href":"https:\/\/api.w.org\/{rel}","templated":true}]}}