{"id":128931,"date":"2026-01-07T20:54:25","date_gmt":"2026-01-07T20:54:25","guid":{"rendered":"https:\/\/www.europesays.com\/se\/128931\/"},"modified":"2026-01-07T20:54:25","modified_gmt":"2026-01-07T20:54:25","slug":"nykopings-kommun-soker-xshore-ab-i-konkurs","status":"publish","type":"post","link":"https:\/\/www.europesays.com\/se\/128931\/","title":{"rendered":"Nyk\u00f6pings kommun s\u00f6ker Xshore AB i konkurs"},"content":{"rendered":"<p>I slutet av oktober l\u00e4mnade elb\u00e5tsbolaget Xshore Production in en konkursans\u00f6kan. Moderbolaget f\u00f6rs\u00f6kte d\u00e5 r\u00e4dda det sjunkande skeppet genom att f\u00f6rv\u00e4rva tillg\u00e5ngarna av konkursboet.\u00a0Men strax f\u00f6re jul l\u00e4mnade Nyk\u00f6pings kommun in en konkursans\u00f6kan mot Xshores moderbolag. Det rapporterar Breakit p\u00e5 onsdagsf\u00f6rmiddagen.\u00a0Sk\u00e4let \u00e4r den hyresskuld som Xshore Production haft<\/p>\n","protected":false},"excerpt":{"rendered":"I slutet av oktober l\u00e4mnade elb\u00e5tsbolaget Xshore Production in en konkursans\u00f6kan. Moderbolaget f\u00f6rs\u00f6kte d\u00e5 r\u00e4dda det sjunkande skeppet&hellip;\n","protected":false},"author":2,"featured_media":128932,"comment_status":"","ping_status":"","sticky":false,"template":"","format":"standard","meta":{"footnotes":""},"categories":[65],"tags":[72,70,71,34,31,33,32,30],"class_list":{"0":"post-128931","1":"post","2":"type-post","3":"status-publish","4":"format-standard","5":"has-post-thumbnail","7":"category-ekonomi","8":"tag-business","9":"tag-economy","10":"tag-ekonomi","11":"tag-se","12":"tag-svenska","13":"tag-sverige","14":"tag-sweden","15":"tag-swedish"},"share_on_mastodon":{"url":"https:\/\/pubeurope.com\/@se\/115855809779807355","error":""},"_links":{"self":[{"href":"https:\/\/www.europesays.com\/se\/wp-json\/wp\/v2\/posts\/128931","targetHints":{"allow":["GET"]}}],"collection":[{"href":"https:\/\/www.europesays.com\/se\/wp-json\/wp\/v2\/posts"}],"about":[{"href":"https:\/\/www.europesays.com\/se\/wp-json\/wp\/v2\/types\/post"}],"author":[{"embeddable":true,"href":"https:\/\/www.europesays.com\/se\/wp-json\/wp\/v2\/users\/2"}],"replies":[{"embeddable":true,"href":"https:\/\/www.europesays.com\/se\/wp-json\/wp\/v2\/comments?post=128931"}],"version-history":[{"count":0,"href":"https:\/\/www.europesays.com\/se\/wp-json\/wp\/v2\/posts\/128931\/revisions"}],"wp:featuredmedia":[{"embeddable":true,"href":"https:\/\/www.europesays.com\/se\/wp-json\/wp\/v2\/media\/128932"}],"wp:attachment":[{"href":"https:\/\/www.europesays.com\/se\/wp-json\/wp\/v2\/media?parent=128931"}],"wp:term":[{"taxonomy":"category","embeddable":true,"href":"https:\/\/www.europesays.com\/se\/wp-json\/wp\/v2\/categories?post=128931"},{"taxonomy":"post_tag","embeddable":true,"href":"https:\/\/www.europesays.com\/se\/wp-json\/wp\/v2\/tags?post=128931"}],"curies":[{"name":"wp","href":"https:\/\/api.w.org\/{rel}","templated":true}]}}