{"id":128954,"date":"2026-01-07T21:21:13","date_gmt":"2026-01-07T21:21:13","guid":{"rendered":"https:\/\/www.europesays.com\/se\/128954\/"},"modified":"2026-01-07T21:21:13","modified_gmt":"2026-01-07T21:21:13","slug":"snoovader-sa-haller-du-koll-pa-laget-uddevalla-kommun","status":"publish","type":"post","link":"https:\/\/www.europesays.com\/se\/128954\/","title":{"rendered":"Sn\u00f6ov\u00e4der &#8211; s\u00e5 h\u00e5ller du koll p\u00e5 l\u00e4get &#8211; Uddevalla kommun"},"content":{"rendered":"<ol>\n<li><a href=\"https:\/\/news.google.com\/rss\/articles\/CBMiugFBVV95cUxOOFNtZHBXYkY3eHdPNC1oMlZkVVVWODVwLXo4cVdlMzhHTHI3ZEFwODdWVjh6R2NzWjkzb2JHNDNMU3U3cVhDSnBCYXMyaVh2RDRkMVlUZl9UZERjUFdHOTg5TGFsbXA3NzlUcWttZi1LS2luZF8zNThkd1dZanhUNFFTSThaOUhzS2RLZ3pXeFRtRTBtUTQ0aWt1Q2lrX3Nlby1EVmdjTjl4ZHhBdTRRbk1xVkdBVHpVR1E?oc=5\" target=\"_blank\" rel=\"nofollow noopener\">Sn\u00f6ov\u00e4der &#8211; s\u00e5 h\u00e5ller du koll p\u00e5 l\u00e4get<\/a>&nbsp;&nbsp;Uddevalla kommun<\/li>\n<li><a href=\"https:\/\/news.google.com\/rss\/articles\/CBMilAFBVV95cUxONVhtYU1DdmlHc1dyYUl0SmhrZldFcmFiRkh1dGJsY3ZMSjlxT1lDcTY2OV9XUzM0SmdtR3JYT1NuSkV5ajN6czlKMnZNcWpKQWdxZkNVRWJENk40SndjYlR3Mi1mVUlsdVlQN3Nwdm5aVlRUUWVud0RRRjAxa3dZX3A1aVpacFc2WGltdFNKNUVQTHV0?oc=5\" target=\"_blank\" rel=\"nofollow noopener\">LIVE: S\u00e5 mycket sn\u00f6 blir det \u2013 uppmaningen: \u201dGe dig inte ut i trafiken\u201d<\/a>&nbsp;&nbsp;NWT<\/li>\n<li><a href=\"https:\/\/news.google.com\/rss\/articles\/CBMiqAFBVV95cUxQSml0Qjl0blJzSHZ5bF9hMU13bi1jRGdjYWtkSjRTZHhjTWNORXd1X3BZdUxmaGNpMUN0Rl92bnhnQTFSTFRHY3l3b3RYaDFFRnFhSGVtdlZDVWlOWFF3NW9pVDFyRjdkZnptQWVDYWlmUXZuWlBRVlVKQ2RXLWVHVW9GeWs1R2VXWnJ2ckZxVjRNT3FxRDRYVFg2UHRvTmFiQzNBLTkzM2Y?oc=5\" target=\"_blank\" rel=\"nofollow noopener\">SMHI:s v\u00e4djan i ov\u00e4dret: \u201dSkit i f\u00e4rgen\u201d<\/a>&nbsp;&nbsp;Sveriges Radio<\/li>\n<li><a href=\"https:\/\/news.google.com\/rss\/articles\/CBMiygFBVV95cUxPZlJLQWlnRGJYMFRiMjUtYUZmS2dlalp4Ny1fa1JIeldvbVh4VEpwYWd0VHZEQ0RaTk5WSi1oSHBTQmpQVk0zSC1ka2tMZHdEUThBWTRDUUE5MUlkdXhGZjUySHY5VXRmdXdXdW85cUU0clJDVi1MTVVHY0xPZlI4SUZrOWI4VkhUWjhDZE9nYmhLcFJDdEIzbzJHMDdsUXYzOEgydV9FZllZREYxRi1XMU1meVlHQWMtUW1oSl96RHJXVWZGVWRYN19R?oc=5\" target=\"_blank\" rel=\"nofollow noopener\">Ny orange varning \u2013 skolskjutsarna i Uddevalla st\u00e4lls in<\/a>&nbsp;&nbsp;Bohusl\u00e4ningen<\/li>\n<li><a href=\"https:\/\/news.google.com\/rss\/articles\/CBMirAFBVV95cUxOSWpKTFFUZXNGR0wzZXdXX2ZiNUw0Qlo0YW8yaVNNUEhtMXVfNlZCVTJNd0FHNjhGMzRDYWdIYVoza3pSQUtRTGRxNkd2TEJrQXphTk4zSklwTlJWaGZtR04zOTBBYXl6WmE0ckU1bzVjMm9DbDlXMXZmUi02NG9Ud1d5SEF0cXJsUDlzN1FmV3k2OXRaMHlSdmFsMEtRdUMzZVExcXpsZXZrVWpr?oc=5\" target=\"_blank\" rel=\"nofollow noopener\">Lina oroas \u00f6ver morgondagens sn\u00f6ov\u00e4der: \u201dMan undrar i hur pass god tid man ska vara ute\u201d<\/a>&nbsp;&nbsp;VF<\/li>\n<\/ol>\n","protected":false},"excerpt":{"rendered":"Sn\u00f6ov\u00e4der &#8211; s\u00e5 h\u00e5ller du koll p\u00e5 l\u00e4get&nbsp;&nbsp;Uddevalla kommun LIVE: S\u00e5 mycket sn\u00f6 blir det \u2013 uppmaningen: \u201dGe&hellip;\n","protected":false},"author":2,"featured_media":128955,"comment_status":"","ping_status":"","sticky":false,"template":"","format":"standard","meta":{"footnotes":""},"categories":[5],"tags":[22,23,26,27,17,21,24,25,28,29,15,16,12818,18,34,842,13262,13255,31,33,32,30,19,20,1841,13281,1438],"class_list":{"0":"post-128954","1":"post","2":"type-post","3":"status-publish","4":"format-standard","5":"has-post-thumbnail","7":"category-rubriker","8":"tag-breaking-news","9":"tag-breakingnews","10":"tag-featured-news","11":"tag-featurednews","12":"tag-headlines","13":"tag-huvudnyheter","14":"tag-latest-news","15":"tag-latestnews","16":"tag-main-news","17":"tag-mainnews","18":"tag-news","19":"tag-nyheter","20":"tag-ovader","21":"tag-rubriker","22":"tag-se","23":"tag-smhi","24":"tag-snoovader","25":"tag-snorojning","26":"tag-svenska","27":"tag-sverige","28":"tag-sweden","29":"tag-swedish","30":"tag-top-stories","31":"tag-topstories","32":"tag-trafikverket","33":"tag-vaglag","34":"tag-vasttrafik"},"share_on_mastodon":{"url":"https:\/\/pubeurope.com\/@se\/115855915910452964","error":""},"_links":{"self":[{"href":"https:\/\/www.europesays.com\/se\/wp-json\/wp\/v2\/posts\/128954","targetHints":{"allow":["GET"]}}],"collection":[{"href":"https:\/\/www.europesays.com\/se\/wp-json\/wp\/v2\/posts"}],"about":[{"href":"https:\/\/www.europesays.com\/se\/wp-json\/wp\/v2\/types\/post"}],"author":[{"embeddable":true,"href":"https:\/\/www.europesays.com\/se\/wp-json\/wp\/v2\/users\/2"}],"replies":[{"embeddable":true,"href":"https:\/\/www.europesays.com\/se\/wp-json\/wp\/v2\/comments?post=128954"}],"version-history":[{"count":0,"href":"https:\/\/www.europesays.com\/se\/wp-json\/wp\/v2\/posts\/128954\/revisions"}],"wp:featuredmedia":[{"embeddable":true,"href":"https:\/\/www.europesays.com\/se\/wp-json\/wp\/v2\/media\/128955"}],"wp:attachment":[{"href":"https:\/\/www.europesays.com\/se\/wp-json\/wp\/v2\/media?parent=128954"}],"wp:term":[{"taxonomy":"category","embeddable":true,"href":"https:\/\/www.europesays.com\/se\/wp-json\/wp\/v2\/categories?post=128954"},{"taxonomy":"post_tag","embeddable":true,"href":"https:\/\/www.europesays.com\/se\/wp-json\/wp\/v2\/tags?post=128954"}],"curies":[{"name":"wp","href":"https:\/\/api.w.org\/{rel}","templated":true}]}}