{"id":128956,"date":"2026-01-07T21:23:21","date_gmt":"2026-01-07T21:23:21","guid":{"rendered":"https:\/\/www.europesays.com\/se\/128956\/"},"modified":"2026-01-07T21:23:21","modified_gmt":"2026-01-07T21:23:21","slug":"matchen-mellan-vimmerby-och-modo-i-hockeyallsvenskan-avbrots","status":"publish","type":"post","link":"https:\/\/www.europesays.com\/se\/128956\/","title":{"rendered":"Matchen mellan Vimmerby och MoDo i HockeyAllsvenskan avbr\u00f6ts"},"content":{"rendered":"<p><strong>Matchen i <a href=\"https:\/\/hockeysverige.se\/hockeyallsvenskan\" rel=\"nofollow noopener\" target=\"_blank\">HockeyAllsvenskan<\/a> mellan <a href=\"https:\/\/hockeysverige.se\/klubb\/vimmerby-hockey\" rel=\"nofollow noopener\" target=\"_blank\">Vimmerby<\/a> och <a href=\"https:\/\/hockeysverige.se\/klubb\/modo-hockey\" rel=\"nofollow noopener\" target=\"_blank\">MoDo<\/a> avbr\u00f6ts efter ett sjukdomsfall p\u00e5 l\u00e4ktaren. <br \/>Alla spelare fick l\u00e4mna isen men efter ett 20 minuter l\u00e5ngt avbrott \u00e5terupptogs matchen igen.   <\/strong><\/p>\n<p><img loading=\"lazy\" decoding=\"async\" width=\"1024\" height=\"658\" src=\"https:\/\/www.europesays.com\/se\/wp-content\/uploads\/2026\/01\/Screenshot-376-1-1024x658.webp.webp\" alt=\"\" class=\"wp-image-342924\"  \/><strong>Foto:<\/strong> TV4\/Sk\u00e4rmdump<\/p>\n<p>Efter drygt fem minuters spel i VBO Arena, vid st\u00e4llningen 0-0, avbr\u00f6ts matchen mellan Vimmerby och MoDo i HockeyAllsvenskan. Detta p\u00e5 grund av ett sjukdomsfall p\u00e5 l\u00e4ktaren.<\/p>\n<p>Domarna och spelarna samtalade p\u00e5 isen under en l\u00e4ngre stund. D\u00e4refter fattades beslutet att tillf\u00e4lligt avbryta matchen och alla spelarna l\u00e4mnade d\u00e4rf\u00f6r isen och \u00e5kte tillbaka ut i omkl\u00e4dningsrummet. I TV4:s s\u00e4ndning meddelades att en ambulans \u00e4r p\u00e5 plats vid arenan och speakern h\u00f6rdes ocks\u00e5 p\u00e5kalla hj\u00e4lp med hj\u00e4rtstartare. <\/p>\n<p>\u201dMatchen har tillf\u00e4lligt avbrutits p\u00e5 grund av sjukdomsfall p\u00e5 l\u00e4ktaren. Matchen \u00e5terupptas om m\u00f6jligt\u201d, gick det att l\u00e4sa p\u00e5 digitala skyltar i arenan.<\/p>\n<p>Efter ett avbrott som varade i n\u00e4stan 20 minuter kunde pucken sedan sl\u00e4ppas igen. Speakern p\u00e5 plats i arenan h\u00f6rdes s\u00e4ga att personen som insjuknat p\u00e5 l\u00e4ktaren hade f\u00f6rts till sjukhus. Enligt TV4:s kommentator Albin Skur ska personen i fr\u00e5ga ha f\u00e5tt hj\u00e4lp av ambulanspersonal och varit vaken.<\/p>\n<p>MoDo vann sedan matchen med 2-1 sedan 17-\u00e5rige <a href=\"https:\/\/hockeysverige.se\/spelare\/elton-hermansson\" rel=\"nofollow noopener\" target=\"_blank\">Elton Hermansson<\/a> gjort b\u00e5de m\u00e5l och assist f\u00f6r bortalaget. <\/p>\n","protected":false},"excerpt":{"rendered":"Matchen i HockeyAllsvenskan mellan Vimmerby och MoDo avbr\u00f6ts efter ett sjukdomsfall p\u00e5 l\u00e4ktaren. Alla spelare fick l\u00e4mna isen&hellip;\n","protected":false},"author":2,"featured_media":128957,"comment_status":"","ping_status":"","sticky":false,"template":"","format":"standard","meta":{"footnotes":""},"categories":[68],"tags":[621,34,133,111,110,31,33,32,30],"class_list":{"0":"post-128956","1":"post","2":"type-post","3":"status-publish","4":"format-standard","5":"has-post-thumbnail","7":"category-sport","8":"tag-hockeyallsvenskan","9":"tag-se","10":"tag-second-news","11":"tag-sport","12":"tag-sports","13":"tag-svenska","14":"tag-sverige","15":"tag-sweden","16":"tag-swedish"},"share_on_mastodon":{"url":"https:\/\/pubeurope.com\/@se\/115855923794290938","error":""},"_links":{"self":[{"href":"https:\/\/www.europesays.com\/se\/wp-json\/wp\/v2\/posts\/128956","targetHints":{"allow":["GET"]}}],"collection":[{"href":"https:\/\/www.europesays.com\/se\/wp-json\/wp\/v2\/posts"}],"about":[{"href":"https:\/\/www.europesays.com\/se\/wp-json\/wp\/v2\/types\/post"}],"author":[{"embeddable":true,"href":"https:\/\/www.europesays.com\/se\/wp-json\/wp\/v2\/users\/2"}],"replies":[{"embeddable":true,"href":"https:\/\/www.europesays.com\/se\/wp-json\/wp\/v2\/comments?post=128956"}],"version-history":[{"count":0,"href":"https:\/\/www.europesays.com\/se\/wp-json\/wp\/v2\/posts\/128956\/revisions"}],"wp:featuredmedia":[{"embeddable":true,"href":"https:\/\/www.europesays.com\/se\/wp-json\/wp\/v2\/media\/128957"}],"wp:attachment":[{"href":"https:\/\/www.europesays.com\/se\/wp-json\/wp\/v2\/media?parent=128956"}],"wp:term":[{"taxonomy":"category","embeddable":true,"href":"https:\/\/www.europesays.com\/se\/wp-json\/wp\/v2\/categories?post=128956"},{"taxonomy":"post_tag","embeddable":true,"href":"https:\/\/www.europesays.com\/se\/wp-json\/wp\/v2\/tags?post=128956"}],"curies":[{"name":"wp","href":"https:\/\/api.w.org\/{rel}","templated":true}]}}