{"id":128966,"date":"2026-01-07T21:34:20","date_gmt":"2026-01-07T21:34:20","guid":{"rendered":"https:\/\/www.europesays.com\/se\/128966\/"},"modified":"2026-01-07T21:34:20","modified_gmt":"2026-01-07T21:34:20","slug":"sebastien-boudet-lanserar-livs-for-ekologiska-varor","status":"publish","type":"post","link":"https:\/\/www.europesays.com\/se\/128966\/","title":{"rendered":"S\u00e9bastien Boudet lanserar Livs f\u00f6r ekologiska varor"},"content":{"rendered":"<p class=\"css-176tai e1bngt7x2\">Svenskarnas t\u00e5lamod har pr\u00f6vats h\u00e5rt de senaste \u00e5ren d\u00e5 matpriserna skenat. Samtidigt har producenterna kl\u00e4mts mellan de stora matkedjorna som pressar priserna och stigande kostnader. <\/p>\n<p class=\"css-176tai e1bngt7x2\">\u2013 Det \u00e4r klart att det finns ett stort missn\u00f6je hos konsumenterna. Men ocks\u00e5 hos producenterna. Det var s\u00e5 Mylla startade, s\u00e4ger Jens Thulin, vd och grundare f\u00f6r Mylla, som \u00e4r en digital marknadsplats d\u00e4r fler \u00e4n 125 producenter s\u00e4ljer f\u00e4rska livsmedel direkt hem till konsumenternas d\u00f6rr utan mellanh\u00e4nder.<\/p>\n<p class=\"css-176tai e1bngt7x2\">Han f\u00f6rklarar att b\u00f6nder och sm\u00e5 matf\u00f6retagare har sv\u00e5rt att ta sig in hos de stora kedjorna, och om de v\u00e4l tagit sig in blir de h\u00e5rt pressade. S\u00e4rskilt kedjornas egna varum\u00e4rken g\u00f6r att den som odlat, bakat eller sk\u00f6tt om djur blir tr\u00e4ngd. Kedjornas makt g\u00f6r att det blir lite pengar kvar till producenten, enligt Thulin.<\/p>\n<p class=\"css-176tai e1bngt7x2\">Men Mylla v\u00e4xer snabbt nu, ber\u00e4ttar han. Under 2025 har oms\u00e4ttningen \u00f6kat fr\u00e5n drygt 11 miljoner kronor till 24 miljoner kronor. <\/p>\n<p><img decoding=\"async\" alt=\"\" src=\"data:image\/svg+xml; utf8, %0A%20%20%3Csvg%20xmlns%3D%22http%3A%2F%2Fwww.w3.org%2F2000%2Fsvg%22%20width%3D%22960%22%20height%3D%22640%22%20style%3D%22background-color%3A%23F4F4F4%22%3E%0A%20%20%20%20%3Csvg%20xmlns%3D%22http%3A%2F%2Fwww.w3.org%2F2000%2Fsvg%22%0A%20%20%20%20%20%20x%3D%22468px%22%20y%3D%22308px%22%20width%3D%2224%22%20height%3D%2224%22%20stroke%3D%22%23DFDFDF%22%0A%20%20%20%20%20%20viewBox%3D%220%200%2024%2024%22%20fill%3D%22none%22%20stroke-width%3D%222%22%20stroke-linecap%3D%22round%22%20stroke-linejoin%3D%22round%22%20class%3D%22feather%20feather-image%22%3E%3Crect%20x%3D%223%22%20y%3D%223%22%20width%3D%2218%22%20height%3D%2218%22%20rx%3D%222%22%20ry%3D%222%22%3E%3C%2Frect%3E%3Ccircle%20cx%3D%228.5%22%20cy%3D%228.5%22%20r%3D%221.5%22%3E%3C%2Fcircle%3E%3Cpolyline%20points%3D%2221%2015%2016%2010%205%2021%22%3E%3C%2Fpolyline%3E%3C%2Fsvg%3E%0A%20%20%20%20%3C%2Fsvg%3E\" class=\"css-12su7i3 e1ywge0c0\"\/><\/p>\n<p class=\"css-u3rr24 e1bngt7x0\">Jens Thulin, vd och grundare f\u00f6r Mylla. Pressbild.<\/p>\n<p class=\"css-u3rr24 e1bngt7x0\">Foto: Mylla<\/p>\n<p>Konsumentmakt<\/p>\n<p class=\"css-176tai e1bngt7x2\">\u2013 Konsumentmakten b\u00f6rjar lysa igen, s\u00e4ger Jens Thulin.<\/p>\n<p class=\"css-176tai e1bngt7x2\">Runtom i landet finns ocks\u00e5 s\u00e5 kallade Reko-ringar, d\u00e4r kunderna kan handla direkt fr\u00e5n producenterna. Reko-ringarna b\u00f6rjade dyka upp 2016, och har sedan dess spritt sig \u00f6ver landet. <\/p>\n<p class=\"css-176tai e1bngt7x2\">I Stockholm h\u00e5ller bagaren, kocken och f\u00f6rfattaren S\u00e9bastien Boudet just p\u00e5 att starta en ny matbutik, Livs. Ink\u00f6pen g\u00f6rs direkt fr\u00e5n b\u00f6nderna och hela butiken ska best\u00e5 av bara ekologiska varor. <\/p>\n<p class=\"css-176tai e1bngt7x2\">\u2013 Det \u00e4r s\u00e5 m\u00e5nga mellanh\u00e4nder. Bara 9 till 10 procent av det kunden betalar g\u00e5r till producenten, s\u00e4ger S\u00e9bastien Boudet.<\/p>\n<p><img decoding=\"async\" alt=\"\" src=\"data:image\/svg+xml; utf8, %0A%20%20%3Csvg%20xmlns%3D%22http%3A%2F%2Fwww.w3.org%2F2000%2Fsvg%22%20width%3D%22960%22%20height%3D%22630%22%20style%3D%22background-color%3A%23F4F4F4%22%3E%0A%20%20%20%20%3Csvg%20xmlns%3D%22http%3A%2F%2Fwww.w3.org%2F2000%2Fsvg%22%0A%20%20%20%20%20%20x%3D%22468px%22%20y%3D%22303px%22%20width%3D%2224%22%20height%3D%2224%22%20stroke%3D%22%23DFDFDF%22%0A%20%20%20%20%20%20viewBox%3D%220%200%2024%2024%22%20fill%3D%22none%22%20stroke-width%3D%222%22%20stroke-linecap%3D%22round%22%20stroke-linejoin%3D%22round%22%20class%3D%22feather%20feather-image%22%3E%3Crect%20x%3D%223%22%20y%3D%223%22%20width%3D%2218%22%20height%3D%2218%22%20rx%3D%222%22%20ry%3D%222%22%3E%3C%2Frect%3E%3Ccircle%20cx%3D%228.5%22%20cy%3D%228.5%22%20r%3D%221.5%22%3E%3C%2Fcircle%3E%3Cpolyline%20points%3D%2221%2015%2016%2010%205%2021%22%3E%3C%2Fpolyline%3E%3C%2Fsvg%3E%0A%20%20%20%20%3C%2Fsvg%3E\" class=\"css-12su7i3 e1ywge0c0\"\/><\/p>\n<p class=\"css-u3rr24 e1bngt7x0\">S\u00e9bastien Boudet vill bygga upp ett ekologiskt alternativ till livsmedelsj\u00e4ttarna. Arkivbild.<\/p>\n<p class=\"css-u3rr24 e1bngt7x0\">Foto: Claudio Bresciani\/TT<\/p>\n<p class=\"css-176tai e1bngt7x2\">Han ser sig som mataktivist och talar om att bygga en helt ny modell, som skiljer sig totalt fr\u00e5n det system med grossist, distribut\u00f6r och butik som exempelvis Ica och Coop skapat. <\/p>\n<p class=\"css-176tai e1bngt7x2\">\u2013 Att bygga upp Livs \u00e4r att bygga ett alternativ. Sverige beh\u00f6ver en annan modell, s\u00e4ger han.<\/p>\n<p class=\"css-176tai e1bngt7x2\">Fr\u00e5gan \u00e4r om de etablerade kedjorna blir skraja inf\u00f6r den nya konkurrensen. <\/p>\n<p class=\"css-176tai e1bngt7x2\">\u2013 Nej, all m\u00e5ngfald \u00e4r bra. Det som \u00e4r bra f\u00f6r kunderna \u00e4r bra f\u00f6r branschen, s\u00e4ger Per Bygdeson, vd f\u00f6r Livsmedelshandlarna.<\/p>\n<p class=\"css-176tai e1bngt7x2\"><strong>L\u00e4s mer:<\/strong> <a href=\"https:\/\/www.aktuellhallbarhet.se\/artikel\/minskat-matsvinn-kravs-for-att-klara-klimatomstallningen-fler-maste-folja-efter\/\" rel=\"nofollow noopener\" target=\"_blank\">\u201dMinskat matsvinn kr\u00e4vs f\u00f6r att klara klimatomst\u00e4llningen \u2013\u00a0fler m\u00e5ste f\u00f6lja efter\u201d<\/a><\/p>\n<p>Priset viktigast<\/p>\n<p class=\"css-176tai e1bngt7x2\">Han f\u00f6rklarar att kunderna under inflations\u00e5ren varit mycket fokuserade p\u00e5 pris, och att livsmedelshandlarnas marginaler \u00e4r h\u00e5rt pressade. <\/p>\n<p class=\"css-176tai e1bngt7x2\">\u2013 Den samlade vinstniv\u00e5n f\u00f6r hela livsmedelshandeln under ett \u00e5r ligger i niv\u00e5 med en storbank under ett kvartal.<\/p>\n<p class=\"css-176tai e1bngt7x2\">N\u00e4r det g\u00e4ller producenternas kritik mot kedjornas egna varum\u00e4rken understryker han att de billiga egna varum\u00e4rkena \u00e4r viktiga f\u00f6r butikernas konkurrens. <\/p>\n<p class=\"css-176tai e1bngt7x2\">\u2013 Bara en liten del av de egna varum\u00e4rkena kommer fr\u00e5n sm\u00e5 svenska producenter, majoriteten kommer fr\u00e5n v\u00e4ldigt stora producenter.<\/p>\n<p>Fakta: Nya v\u00e4gar f\u00f6r maten<\/p>\n<p>Flera olika nya koncept har vuxit fram under senare \u00e5r. <\/p>\n<p>Reko-ringar har funnits i snart tio \u00e5r, och inneb\u00e4r att bonden kan ta upp best\u00e4llningar digitalt och sedan leverera vid en p\u00e5 f\u00f6rhand best\u00e4md tid och plats. <\/p>\n<p>Mylla startade i s\u00f6dra Sverige, och inneb\u00e4r att producenter kan ansluta sig till en fast m\u00e5nadsavgift. Mylla sk\u00f6ter marknadsf\u00f6ring, f\u00f6rs\u00e4ljning och distribution hem till kunderna. Cirka 130 producenter \u00e4r anslutna. Mylla omsatte 24 miljoner kronor 2025 och siktar p\u00e5 runt 40 miljoner kronor 2026. <\/p>\n<p>Sebasti\u00e9n Boudet planerar att starta fler Livs-butiker. Hela sortimentet g\u00e5r direkt fr\u00e5n producenterna till butiken och \u00e4r ekologiskt. <\/p>\n<p>N\u00e5gra akt\u00f6rer s\u00e4ljer enbart sin mat via n\u00e4tet, utan n\u00e5gon fysisk butik, som exempelvis Matsmart, Mathem och Etnomat. <\/p>\n<p>P\u00e5 m\u00e5nga platser d\u00e4r det annars inte finns livsmedelsaff\u00e4rer har obemannade butiker dykt upp. Kedjan Never Closed har exempelvis 30 butiker nu, men planerar att v\u00e4xa till 65 genom f\u00f6rv\u00e4rv. <\/p>\n<p class=\"css-176tai e1bngt7x2\"><strong>L\u00e4s mer:<\/strong> <a href=\"https:\/\/www.aktuellhallbarhet.se\/artikel\/lat-ekologiskt-lantbruk-bli-motorn-i-sveriges-naturrestaurering\/\" rel=\"nofollow noopener\" target=\"_blank\">\u201dL\u00e5t ekologiskt lantbruk bli motorn i Sveriges naturrestaurering\u201d<\/a><\/p>\n","protected":false},"excerpt":{"rendered":"Svenskarnas t\u00e5lamod har pr\u00f6vats h\u00e5rt de senaste \u00e5ren d\u00e5 matpriserna skenat. Samtidigt har producenterna kl\u00e4mts mellan de stora&hellip;\n","protected":false},"author":2,"featured_media":128967,"comment_status":"","ping_status":"","sticky":false,"template":"","format":"standard","meta":{"footnotes":""},"categories":[65],"tags":[72,70,71,34,31,33,32,30],"class_list":{"0":"post-128966","1":"post","2":"type-post","3":"status-publish","4":"format-standard","5":"has-post-thumbnail","7":"category-ekonomi","8":"tag-business","9":"tag-economy","10":"tag-ekonomi","11":"tag-se","12":"tag-svenska","13":"tag-sverige","14":"tag-sweden","15":"tag-swedish"},"share_on_mastodon":{"url":"https:\/\/pubeurope.com\/@se\/115855967074694591","error":""},"_links":{"self":[{"href":"https:\/\/www.europesays.com\/se\/wp-json\/wp\/v2\/posts\/128966","targetHints":{"allow":["GET"]}}],"collection":[{"href":"https:\/\/www.europesays.com\/se\/wp-json\/wp\/v2\/posts"}],"about":[{"href":"https:\/\/www.europesays.com\/se\/wp-json\/wp\/v2\/types\/post"}],"author":[{"embeddable":true,"href":"https:\/\/www.europesays.com\/se\/wp-json\/wp\/v2\/users\/2"}],"replies":[{"embeddable":true,"href":"https:\/\/www.europesays.com\/se\/wp-json\/wp\/v2\/comments?post=128966"}],"version-history":[{"count":0,"href":"https:\/\/www.europesays.com\/se\/wp-json\/wp\/v2\/posts\/128966\/revisions"}],"wp:featuredmedia":[{"embeddable":true,"href":"https:\/\/www.europesays.com\/se\/wp-json\/wp\/v2\/media\/128967"}],"wp:attachment":[{"href":"https:\/\/www.europesays.com\/se\/wp-json\/wp\/v2\/media?parent=128966"}],"wp:term":[{"taxonomy":"category","embeddable":true,"href":"https:\/\/www.europesays.com\/se\/wp-json\/wp\/v2\/categories?post=128966"},{"taxonomy":"post_tag","embeddable":true,"href":"https:\/\/www.europesays.com\/se\/wp-json\/wp\/v2\/tags?post=128966"}],"curies":[{"name":"wp","href":"https:\/\/api.w.org\/{rel}","templated":true}]}}