{"id":128969,"date":"2026-01-07T21:37:07","date_gmt":"2026-01-07T21:37:07","guid":{"rendered":"https:\/\/www.europesays.com\/se\/128969\/"},"modified":"2026-01-07T21:37:07","modified_gmt":"2026-01-07T21:37:07","slug":"25-stycken-kampade-i-timmar-for-att-radda-hastar-i-klippan","status":"publish","type":"post","link":"https:\/\/www.europesays.com\/se\/128969\/","title":{"rendered":"25 stycken k\u00e4mpade i timmar \u2013 f\u00f6r att r\u00e4dda h\u00e4star i Klippan"},"content":{"rendered":"<p class=\"sc-c25743f0-0 sc-e37c0145-2 hObFds DQgPn\">Vid kvart i tio p\u00e5 trettondagskv\u00e4llen fick Henrik Persson och hans kollegor p\u00e5 R\u00e4ddningstj\u00e4nsten S\u00f6der\u00e5sen larm om att tv\u00e5 h\u00e4star g\u00e5tt genom isen i en sj\u00f6 i Klippans kommun. Hagen d\u00e4r h\u00e4starna betar ligger intill en sj\u00f6, och n\u00e4r \u00e4garna skulle ta in h\u00e4starna kunde de inte hitta dem.<\/p>\n<p class=\"sc-c25743f0-0 sc-e37c0145-2 hObFds DQgPn\">Efter drygt tio minuter var den f\u00f6rsta styrkan p\u00e5 plats.<\/p>\n<p class=\"sc-c25743f0-0 sc-e37c0145-2 hObFds DQgPn\">\u2013 H\u00e4starna l\u00e5g 100-150 meter ut i sj\u00f6n. De hade g\u00e5tt igenom isen och det \u00e4r i princip bara huvudena som sticker upp, s\u00e4ger Henrik Persson.<\/p>\n<p class=\"sc-c25743f0-0 sc-e37c0145-2 hObFds DQgPn\">H\u00e4starna hade legat och trampat vatten i ett par timmar p\u00e5 omkring fyra meters djup. Termometern visade nio minusgrader.<\/p>\n<p class=\"sc-c25743f0-0 sc-e37c0145-2 hObFds DQgPn\">\u2013 D\u00e4r och d\u00e5 \u00e4r det lite omtumlande att fatta beslut, s\u00e4ger Henrik Persson.<\/p>\n<p>S\u00e5gade upp isen \u2013 gjorde isr\u00e4nna<\/p>\n<p class=\"sc-c25743f0-0 sc-e37c0145-2 hObFds DQgPn\">Ytb\u00e4rgare skickades ut p\u00e5 isen, f\u00f6rsedda med en lina som en som g\u00e5r upp\u00e5t 50 meter bakom h\u00e5ller i f\u00f6r att vara redo att dra upp personen ur vattnet om isen skulle spricka.<\/p>\n<p class=\"sc-c25743f0-0 sc-e37c0145-2 hObFds DQgPn\">\u2013 Det \u00e4r s\u00e5 man b\u00f6rjar. Man f\u00e5r ta sig ut bit f\u00f6r bit f\u00f6r att k\u00e4nna p\u00e5 isen. Det \u00e4r naturligtvis ett riskfyllt uppdrag. <\/p>\n<p class=\"sc-c25743f0-0 sc-e37c0145-2 hObFds DQgPn\">V\u00e4l framme hos h\u00e4starna b\u00f6rjade fyra man s\u00e5ga i isen. N\u00e5gra andra h\u00f6ll h\u00e4starna s\u00e4llskap och s\u00e5g till att de h\u00f6ll sina huvuden ovanf\u00f6r ytan.<\/p>\n<p class=\"sc-c25743f0-0 sc-e37c0145-2 hObFds DQgPn\">\u2013 Vi s\u00e5gade upp isen och tryckte isflaken under ytan f\u00f6r att g\u00f6ra en vattenr\u00e4nna som vi kunde dra h\u00e4starna i grimman in\u00e5t land i. Till slut fick de kontakt med botten, och d\u00e5 kunde vi skjuta in dem p\u00e5 land, uppf\u00f6r den lilla backen och till slut in i stallet.<\/p>\n<p>\u201dHade nog inte klarat sig s\u00e4rskilt l\u00e4nge till\u201d<\/p>\n<p class=\"sc-c25743f0-0 sc-e37c0145-2 hObFds DQgPn\">H\u00e4starna, fyra respektive sex \u00e5r gamla, m\u00e5dde f\u00f6rh\u00e5llande vis bra.<\/p>\n<p class=\"sc-c25743f0-0 sc-e37c0145-2 hObFds DQgPn\">\u2013 Den yngsta var relativt pigg. Lite stapplig naturligtvis, de hade ju legat i vattnet ett par timmar. Den andra var mer medtagen och hade nog inte klarat sig s\u00e4rskilt l\u00e4nge till.<\/p>\n<p class=\"sc-c25743f0-0 sc-e37c0145-2 hObFds DQgPn\">Hela insatsen tog tv\u00e5 timmar. Sj\u00e4lva s\u00e5gningen tog omkring trekvart.<\/p>\n<p class=\"sc-c25743f0-0 sc-e37c0145-2 hObFds DQgPn\">\u2013 \u00c4ven om vi har bra utrustning s\u00e5 \u00e4r det en insats som i de h\u00e4r v\u00e4derf\u00f6rh\u00e5llandena suger enorm kraft ur personalen. Det \u00e4r svinkallt att st\u00e5 och s\u00e5ga i en timme genom is. Kroppen \u00e4r svettig men fingrarna \u00e4r som stolpar, och man kan liksom inte sluta. Samtidigt tickar tiden emot oss hela tiden, s\u00e5 de inblandade har gjort ett enormt arbete.<\/p>\n<p class=\"sc-c25743f0-0 sc-e37c0145-2 hObFds DQgPn\">Hur k\u00e4ndes det att vara med och r\u00e4dda de h\u00e4r h\u00e4starna?<\/p>\n<p class=\"sc-c25743f0-0 sc-e37c0145-2 hObFds DQgPn\">\u2013 Det \u00e4r ju alltid en h\u00e4rlig k\u00e4nsla. Djur som hundar, katter och h\u00e4star st\u00e5r oss n\u00e4ra. Det blir en s\u00e4rskild k\u00e4mparanda n\u00e4r man ser omkring 25 m\u00e4nniskor st\u00e5 och r\u00e4dda tv\u00e5 h\u00e4star.<\/p>\n","protected":false},"excerpt":{"rendered":"Vid kvart i tio p\u00e5 trettondagskv\u00e4llen fick Henrik Persson och hans kollegor p\u00e5 R\u00e4ddningstj\u00e4nsten S\u00f6der\u00e5sen larm om att&hellip;\n","protected":false},"author":2,"featured_media":128970,"comment_status":"","ping_status":"","sticky":false,"template":"","format":"standard","meta":{"footnotes":""},"categories":[5],"tags":[22,23,26,27,17,21,24,25,28,29,15,16,18,34,31,33,32,30,19,20],"class_list":{"0":"post-128969","1":"post","2":"type-post","3":"status-publish","4":"format-standard","5":"has-post-thumbnail","7":"category-rubriker","8":"tag-breaking-news","9":"tag-breakingnews","10":"tag-featured-news","11":"tag-featurednews","12":"tag-headlines","13":"tag-huvudnyheter","14":"tag-latest-news","15":"tag-latestnews","16":"tag-main-news","17":"tag-mainnews","18":"tag-news","19":"tag-nyheter","20":"tag-rubriker","21":"tag-se","22":"tag-svenska","23":"tag-sverige","24":"tag-sweden","25":"tag-swedish","26":"tag-top-stories","27":"tag-topstories"},"share_on_mastodon":{"url":"https:\/\/pubeurope.com\/@se\/115855978893081630","error":""},"_links":{"self":[{"href":"https:\/\/www.europesays.com\/se\/wp-json\/wp\/v2\/posts\/128969","targetHints":{"allow":["GET"]}}],"collection":[{"href":"https:\/\/www.europesays.com\/se\/wp-json\/wp\/v2\/posts"}],"about":[{"href":"https:\/\/www.europesays.com\/se\/wp-json\/wp\/v2\/types\/post"}],"author":[{"embeddable":true,"href":"https:\/\/www.europesays.com\/se\/wp-json\/wp\/v2\/users\/2"}],"replies":[{"embeddable":true,"href":"https:\/\/www.europesays.com\/se\/wp-json\/wp\/v2\/comments?post=128969"}],"version-history":[{"count":0,"href":"https:\/\/www.europesays.com\/se\/wp-json\/wp\/v2\/posts\/128969\/revisions"}],"wp:featuredmedia":[{"embeddable":true,"href":"https:\/\/www.europesays.com\/se\/wp-json\/wp\/v2\/media\/128970"}],"wp:attachment":[{"href":"https:\/\/www.europesays.com\/se\/wp-json\/wp\/v2\/media?parent=128969"}],"wp:term":[{"taxonomy":"category","embeddable":true,"href":"https:\/\/www.europesays.com\/se\/wp-json\/wp\/v2\/categories?post=128969"},{"taxonomy":"post_tag","embeddable":true,"href":"https:\/\/www.europesays.com\/se\/wp-json\/wp\/v2\/tags?post=128969"}],"curies":[{"name":"wp","href":"https:\/\/api.w.org\/{rel}","templated":true}]}}