{"id":128988,"date":"2026-01-07T21:56:20","date_gmt":"2026-01-07T21:56:20","guid":{"rendered":"https:\/\/www.europesays.com\/se\/128988\/"},"modified":"2026-01-07T21:56:20","modified_gmt":"2026-01-07T21:56:20","slug":"nick-reiners-advokat-vill-inte-langre-forsvara-honom","status":"publish","type":"post","link":"https:\/\/www.europesays.com\/se\/128988\/","title":{"rendered":"Nick Reiners advokat vill inte l\u00e4ngre f\u00f6rsvara honom"},"content":{"rendered":"<p>Nick Reiners advokat vill inte l\u00e4ngre f\u00f6rsvara honom i r\u00e4tteg\u00e5ngen om det misst\u00e4nkta mordet p\u00e5 f\u00f6r\u00e4ldrarna, stj\u00e4rnregiss\u00f6ren Rob Reiner och hustrun Michele, rapporterar AP.<\/p>\n<p>Reiner skulle ha st\u00e4llts inf\u00f6r en domare f\u00f6r f\u00f6rsta g\u00e5ngen i\u202fdag, men r\u00e4tteg\u00e5ngsdatumet har nu skjutits upp till den 23 februari efter att advokaten Alan Jackson beg\u00e4rde att f\u00e5 bli ersatt av en offentlig f\u00f6rsvarare.<\/p>\n<p>Det framg\u00e5r inte varf\u00f6r Jackson valt att avs\u00e4ga sig fallet. Enligt New York Times kan det betyda att Nick Reiners tv\u00e5 syskon inte vill betala kostnaderna f\u00f6r den profilerade advokaten, som tidigare f\u00f6rsvarat Hollywoodk\u00e4ndisar som Harvey Weinstein och Kevin Spacey.<\/p>\n<p>Omni \u00e4r politiskt obundna och oberoende. Vi str\u00e4var efter att ge fler perspektiv p\u00e5 nyheterna. Har du fr\u00e5gor eller synpunkter kring v\u00e5r rapportering? <a href=\"https:\/\/omni.se\/nick-reiners-advokat-vill-inte-langre-forsvara-honom\/a\/mailto:redaktion@omni.se\" class=\"ArticleActions_contactLink__W2F1M\" rel=\"nofollow noopener\" target=\"_blank\">Kontakta redaktionen<\/a><\/p>\n","protected":false},"excerpt":{"rendered":"Nick Reiners advokat vill inte l\u00e4ngre f\u00f6rsvara honom i r\u00e4tteg\u00e5ngen om det misst\u00e4nkta mordet p\u00e5 f\u00f6r\u00e4ldrarna, stj\u00e4rnregiss\u00f6ren Rob&hellip;\n","protected":false},"author":2,"featured_media":128989,"comment_status":"","ping_status":"","sticky":false,"template":"","format":"standard","meta":{"footnotes":""},"categories":[67],"tags":[104,268,11940,34,31,33,32,30,105,74],"class_list":{"0":"post-128988","1":"post","2":"type-post","3":"status-publish","4":"format-standard","5":"has-post-thumbnail","7":"category-underhallning","8":"tag-entertainment","9":"tag-nordamerika","10":"tag-rob-reiner","11":"tag-se","12":"tag-svenska","13":"tag-sverige","14":"tag-sweden","15":"tag-swedish","16":"tag-underhallning","17":"tag-usa"},"share_on_mastodon":{"url":"https:\/\/pubeurope.com\/@se\/115856053562034506","error":""},"_links":{"self":[{"href":"https:\/\/www.europesays.com\/se\/wp-json\/wp\/v2\/posts\/128988","targetHints":{"allow":["GET"]}}],"collection":[{"href":"https:\/\/www.europesays.com\/se\/wp-json\/wp\/v2\/posts"}],"about":[{"href":"https:\/\/www.europesays.com\/se\/wp-json\/wp\/v2\/types\/post"}],"author":[{"embeddable":true,"href":"https:\/\/www.europesays.com\/se\/wp-json\/wp\/v2\/users\/2"}],"replies":[{"embeddable":true,"href":"https:\/\/www.europesays.com\/se\/wp-json\/wp\/v2\/comments?post=128988"}],"version-history":[{"count":0,"href":"https:\/\/www.europesays.com\/se\/wp-json\/wp\/v2\/posts\/128988\/revisions"}],"wp:featuredmedia":[{"embeddable":true,"href":"https:\/\/www.europesays.com\/se\/wp-json\/wp\/v2\/media\/128989"}],"wp:attachment":[{"href":"https:\/\/www.europesays.com\/se\/wp-json\/wp\/v2\/media?parent=128988"}],"wp:term":[{"taxonomy":"category","embeddable":true,"href":"https:\/\/www.europesays.com\/se\/wp-json\/wp\/v2\/categories?post=128988"},{"taxonomy":"post_tag","embeddable":true,"href":"https:\/\/www.europesays.com\/se\/wp-json\/wp\/v2\/tags?post=128988"}],"curies":[{"name":"wp","href":"https:\/\/api.w.org\/{rel}","templated":true}]}}