{"id":128996,"date":"2026-01-07T22:10:27","date_gmt":"2026-01-07T22:10:27","guid":{"rendered":"https:\/\/www.europesays.com\/se\/128996\/"},"modified":"2026-01-07T22:10:27","modified_gmt":"2026-01-07T22:10:27","slug":"tagtrafik-stalls-in-mellan-gavle-och-sundsvall-soderhamns-kuriren","status":"publish","type":"post","link":"https:\/\/www.europesays.com\/se\/128996\/","title":{"rendered":"T\u00e5gtrafik st\u00e4lls in mellan G\u00e4vle och Sundsvall &#8211; S\u00f6derhamns-Kuriren"},"content":{"rendered":"<ol>\n<li><a href=\"https:\/\/news.google.com\/rss\/articles\/CBMilgFBVV95cUxObFdSVHVPYzBLMVBBMjd0U3puZGctUi1iY05NbDRDaVZxV2g5ZzQ1eWtFTWxmekpZZjVVOEhYb3FDUE1KUFEyY0s5Nm54MTExRDhXZFZ1cjZMSWRfaS1aaFl4cmlhTElzY05RM0JyRTZlNlE5bkxYTV9udFB2NDIzV2lqeUFpdXlfS3c5U00tdEdSRjZMdlE?oc=5\" target=\"_blank\" rel=\"nofollow noopener\">T\u00e5gtrafik st\u00e4lls in mellan G\u00e4vle och Sundsvall<\/a>&nbsp;&nbsp;S\u00f6derhamns-Kuriren<\/li>\n<li><a href=\"https:\/\/news.google.com\/rss\/articles\/CBMivwFBVV95cUxNTHJrWm5jaVJTNnhUYWJaOEgyVm5hbmhwSm9WUkJHcGIxUXFDZ2RMQlBSVXZhWGVLbTh2YTN5UEhXSVdwdEl0QTVOTEhudFFEaVByVVdlaV80ZTAyelY4aHRaRWhZRF83VTNTWm11anZxT09QYTJHSnlTYWNKcnZRUVFRcHVHNnFlY011LW5BUG44WHp3TDdmNkwzWG5jVUlYMU83OThJUHgwdjc5TVlUYUU5M2pKSWpVX2FFbGVvYw?oc=5\" target=\"_blank\" rel=\"nofollow noopener\">Inst\u00e4llda t\u00e5g i Norrland kunde k\u00f6rt Inlandsbanan om fler t\u00e5gv\u00e4rmevagnar funnits<\/a>&nbsp;&nbsp;SVT Nyheter<\/li>\n<li><a href=\"https:\/\/news.google.com\/rss\/articles\/CBMiiAFBVV95cUxNSUJRRXFITjlmWWZIZDBUY1o4MlFCWGxZUE5GQlZiWHVsa1dlUURuR01JSjc3bFdCMVp6Mjd4bmZORV82bTNxaDZfRFB5RGttY1BjNGdKZEFNc3NrZWtOQjZXWE1jYmhESnBxM3lqblpQLUZiVGdYNVlDbHFoYXltNEdCdTBZcGMx?oc=5\" target=\"_blank\" rel=\"nofollow noopener\">F\u00f6rseningar och inst\u00e4llda t\u00e5g \u2013 h\u00f6jd beredskap<\/a>&nbsp;&nbsp;Sveriges Radio<\/li>\n<li><a href=\"https:\/\/news.google.com\/rss\/articles\/CBMiigFBVV95cUxNQ2sxODJWazFCZzVHNS1EN01ZUzVVQXd3Qml4NXVpdGdkODJYdFFCVjA5clZFeHJJS091UlluWkd2MUpiT2pzZTBGb1NKMENTd2hNclZBRHVZb3o2S1A0bjVoaUtPdnNmd01udXZKZDlPa29WdGhjUHB1aEowLTVsNk1zdm1laEJWZlE?oc=5\" target=\"_blank\" rel=\"nofollow noopener\">T\u00e5g st\u00e4lls in i norr<\/a>&nbsp;&nbsp;Aftonbladet<\/li>\n<li><a href=\"https:\/\/news.google.com\/rss\/articles\/CBMiogFBVV95cUxNX3R6UTBuNXNHVHN1aVFqQ0NOYndkYmF5WWtEb0xUcWFTaVEta3dwYTRWMW1IWS1zSmxZU1otUW5LOVJFaHoxWm81QUpPME9QZnk2cDZuV2N1SExVd1g0emFYV0Z3eEtIMThpdVo1amFxM21ZWEtYTC1weU9hcTh0S1ZjUmZnZnZ3OGgwU2lYUkp2eURrS295TWZ2OVhadVFhS0E?oc=5\" target=\"_blank\" rel=\"nofollow noopener\">\u00d6stg\u00f6tapendeln g\u00e5r som vanligt<\/a>&nbsp;&nbsp;Via TT<\/li>\n<\/ol>\n","protected":false},"excerpt":{"rendered":"T\u00e5gtrafik st\u00e4lls in mellan G\u00e4vle och Sundsvall&nbsp;&nbsp;S\u00f6derhamns-Kuriren Inst\u00e4llda t\u00e5g i Norrland kunde k\u00f6rt Inlandsbanan om fler t\u00e5gv\u00e4rmevagnar funnits&nbsp;&nbsp;SVT&hellip;\n","protected":false},"author":2,"featured_media":127891,"comment_status":"","ping_status":"","sticky":false,"template":"","format":"standard","meta":{"footnotes":""},"categories":[5],"tags":[22,23,26,27,17,21,24,25,28,29,15,16,18,34,31,33,32,30,19,20],"class_list":{"0":"post-128996","1":"post","2":"type-post","3":"status-publish","4":"format-standard","5":"has-post-thumbnail","7":"category-rubriker","8":"tag-breaking-news","9":"tag-breakingnews","10":"tag-featured-news","11":"tag-featurednews","12":"tag-headlines","13":"tag-huvudnyheter","14":"tag-latest-news","15":"tag-latestnews","16":"tag-main-news","17":"tag-mainnews","18":"tag-news","19":"tag-nyheter","20":"tag-rubriker","21":"tag-se","22":"tag-svenska","23":"tag-sverige","24":"tag-sweden","25":"tag-swedish","26":"tag-top-stories","27":"tag-topstories"},"share_on_mastodon":{"url":"https:\/\/pubeurope.com\/@se\/115856108570937705","error":""},"_links":{"self":[{"href":"https:\/\/www.europesays.com\/se\/wp-json\/wp\/v2\/posts\/128996","targetHints":{"allow":["GET"]}}],"collection":[{"href":"https:\/\/www.europesays.com\/se\/wp-json\/wp\/v2\/posts"}],"about":[{"href":"https:\/\/www.europesays.com\/se\/wp-json\/wp\/v2\/types\/post"}],"author":[{"embeddable":true,"href":"https:\/\/www.europesays.com\/se\/wp-json\/wp\/v2\/users\/2"}],"replies":[{"embeddable":true,"href":"https:\/\/www.europesays.com\/se\/wp-json\/wp\/v2\/comments?post=128996"}],"version-history":[{"count":0,"href":"https:\/\/www.europesays.com\/se\/wp-json\/wp\/v2\/posts\/128996\/revisions"}],"wp:featuredmedia":[{"embeddable":true,"href":"https:\/\/www.europesays.com\/se\/wp-json\/wp\/v2\/media\/127891"}],"wp:attachment":[{"href":"https:\/\/www.europesays.com\/se\/wp-json\/wp\/v2\/media?parent=128996"}],"wp:term":[{"taxonomy":"category","embeddable":true,"href":"https:\/\/www.europesays.com\/se\/wp-json\/wp\/v2\/categories?post=128996"},{"taxonomy":"post_tag","embeddable":true,"href":"https:\/\/www.europesays.com\/se\/wp-json\/wp\/v2\/tags?post=128996"}],"curies":[{"name":"wp","href":"https:\/\/api.w.org\/{rel}","templated":true}]}}