{"id":129007,"date":"2026-01-07T22:42:10","date_gmt":"2026-01-07T22:42:10","guid":{"rendered":"https:\/\/www.europesays.com\/se\/129007\/"},"modified":"2026-01-07T22:42:10","modified_gmt":"2026-01-07T22:42:10","slug":"inte-tagit-bort-snon-alls","status":"publish","type":"post","link":"https:\/\/www.europesays.com\/se\/129007\/","title":{"rendered":"\u201dInte tagit bort sn\u00f6n alls\u201d"},"content":{"rendered":"<p>Publicerad 7 jan 2026 kl 18.51Uppdaterad kl 21.18<\/p>\n<p>Under onsdagsmorgonen skulle m\u00e5nga tillbaka till jobbet efter julledigheten.<\/p>\n<p>Men i s\u00f6dra Stockholm blev det kaos i trafiken.<\/p>\n<p>\u2013 Det var riktigt, riktigt illa, s\u00e4ger Johanna Eschner, 54.<\/p>\n<p>Senaste nyhetsklippen fr\u00e5n Expressen.<img   alt=\"\"\/><\/p>\n<p>Johanna Eschner, 54, upplevde kaoset i morgontrafiken p\u00e5 onsdagen.<\/p>\n<p>Foto: Privat<\/p>\n<p>\u00d6ppna bild i helsk\u00e4rm<img loading=\"lazy\"   alt=\"\"\/><\/p>\n<p>En av bussarna som hade hamnat p\u00e5 sniskan.<\/p>\n<p>Foto: Privat<\/p>\n<p>\u00d6ppna bild i helsk\u00e4rm<img loading=\"lazy\"   alt=\"\"\/><\/p>\n<p>\u201dDet var riktigt, riktigt illa\u201d, s\u00e4ger Johanna.<\/p>\n<p>Foto: Privat<\/p>\n<p>\u00d6ppna bild i helsk\u00e4rm<\/p>\n<p>Det kraftiga sn\u00f6v\u00e4dret har orsakat problem p\u00e5 m\u00e5nga h\u00e5ll. I s\u00f6dra <a href=\"https:\/\/www.expressen.se\/tagg\/location\/stockholm\/\" class=\"\" rel=\"nofollow noopener\" target=\"_blank\">Stockholm<\/a> har flera vittnat om kaos och sn\u00f6t\u00e4ckta k\u00f6rf\u00e4lt. Under onsdagsmorgonen, n\u00e4r m\u00e5nga skulle ge sig ut i trafiken, var det extra illa.<\/p>\n<p>Johanna Eschner, 54, \u00e4r boende i \u00c5rsta. Hon f\u00f6rklarar att det har varit problem i flera dagar och att hon har klagat till Stockholms stad.<\/p>\n<p>\u2013 De har inte tagit bort sn\u00f6n alls. Det enda de har gjort \u00e4r att l\u00e4gga ut salt.<\/p>\n<p>Situationen har lett till stora f\u00f6rseningar i busstrafiken och sv\u00e5righeter f\u00f6r bilar att ta sig fram.<\/p>\n<p>\u2013 Den h\u00e4r morgonen var kaotisk. Att ta sig ut fr\u00e5n \u00c5rsta var j\u00e4ttesv\u00e5rt. Vi kunde se fyra eller fem bussar som hade fastnat.\u00a0<\/p>\n<p>Johanna tycker att l\u00e4get \u00e4r v\u00e4rre d\u00e4r hon bor \u00e4n i andra delar av staden.<\/p>\n<p>\u2013 Det verkar som att de inte har gjort n\u00e5gonting i \u00c5rsta, s\u00e4ger hon.\u00a0<\/p>\n<p>\u201dAnstr\u00e4ngt l\u00e4ge\u201d<\/p>\n<p>Malinda Flodman, pressansvarig p\u00e5 trafikkontoret, bekr\u00e4ftar att det har varit extra stora problem i s\u00f6dra Stockholm.<\/p>\n<p>\u2013 D\u00e4r \u00e4r det ett anstr\u00e4ngt l\u00e4ge fortfarande. Det \u00e4r d\u00e4r det har kommit allra mest sn\u00f6.\u00a0<\/p>\n<p>Hon f\u00f6rklarar att arbetet med att ploga \u00e4r i full g\u00e5ng, men det uppkommer stora sn\u00f6vallar som g\u00f6r framkomligheten sv\u00e5r.\u00a0<\/p>\n<p>Hon bekr\u00e4ftar ocks\u00e5 att det har kommit in klagom\u00e5l p\u00e5 sn\u00f6r\u00f6jningen.\u00a0<\/p>\n<p>\u2013 Vi jobbar p\u00e5 f\u00f6r fullt och f\u00e5r vara beredda p\u00e5 att det kan komma \u00e4nnu mer sn\u00f6.<\/p>\n<p>P\u00e5 flera h\u00e5ll anv\u00e4nds lastbilar f\u00f6r att skyffla undan stora m\u00e4ngder. Malinda Flodman tror att situationen kan ha p\u00e5verkats av att det har varit mer trafik under dagen.<\/p>\n<p>St\u00f6rningar i tunnelbanan<\/p>\n<p>\u00c4ven tunnelbanetrafiken har haft problem.\u00a0<\/p>\n<p>Vid lunchtid p\u00e5 onsdagen var det stopp f\u00f6r gr\u00f6na linjen mellan T-Centralen och Slussen, och f\u00f6r r\u00f6da linjen mellan T-Centralen och Mariatorget.\u00a0<\/p>\n<p>Enligt Natalie Nordenswan, presskommunikat\u00f6r p\u00e5 trafikf\u00f6rvaltningen, \u00e4r de oklart om problemen beror p\u00e5 v\u00e4dret.<\/p>\n","protected":false},"excerpt":{"rendered":"Publicerad 7 jan 2026 kl 18.51Uppdaterad kl 21.18 Under onsdagsmorgonen skulle m\u00e5nga tillbaka till jobbet efter julledigheten. Men&hellip;\n","protected":false},"author":2,"featured_media":129008,"comment_status":"","ping_status":"","sticky":false,"template":"","format":"standard","meta":{"footnotes":""},"categories":[5],"tags":[22,23,26,27,17,21,24,25,135,28,29,15,16,18,34,281,31,33,32,30,19,9026,20],"class_list":{"0":"post-129007","1":"post","2":"type-post","3":"status-publish","4":"format-standard","5":"has-post-thumbnail","7":"category-rubriker","8":"tag-breaking-news","9":"tag-breakingnews","10":"tag-featured-news","11":"tag-featurednews","12":"tag-headlines","13":"tag-huvudnyheter","14":"tag-latest-news","15":"tag-latestnews","16":"tag-location-stockholm","17":"tag-main-news","18":"tag-mainnews","19":"tag-news","20":"tag-nyheter","21":"tag-rubriker","22":"tag-se","23":"tag-sections-vader","24":"tag-svenska","25":"tag-sverige","26":"tag-sweden","27":"tag-swedish","28":"tag-top-stories","29":"tag-topic-snoovader","30":"tag-topstories"},"share_on_mastodon":{"url":"https:\/\/pubeurope.com\/@se\/115856234469022110","error":""},"_links":{"self":[{"href":"https:\/\/www.europesays.com\/se\/wp-json\/wp\/v2\/posts\/129007","targetHints":{"allow":["GET"]}}],"collection":[{"href":"https:\/\/www.europesays.com\/se\/wp-json\/wp\/v2\/posts"}],"about":[{"href":"https:\/\/www.europesays.com\/se\/wp-json\/wp\/v2\/types\/post"}],"author":[{"embeddable":true,"href":"https:\/\/www.europesays.com\/se\/wp-json\/wp\/v2\/users\/2"}],"replies":[{"embeddable":true,"href":"https:\/\/www.europesays.com\/se\/wp-json\/wp\/v2\/comments?post=129007"}],"version-history":[{"count":0,"href":"https:\/\/www.europesays.com\/se\/wp-json\/wp\/v2\/posts\/129007\/revisions"}],"wp:featuredmedia":[{"embeddable":true,"href":"https:\/\/www.europesays.com\/se\/wp-json\/wp\/v2\/media\/129008"}],"wp:attachment":[{"href":"https:\/\/www.europesays.com\/se\/wp-json\/wp\/v2\/media?parent=129007"}],"wp:term":[{"taxonomy":"category","embeddable":true,"href":"https:\/\/www.europesays.com\/se\/wp-json\/wp\/v2\/categories?post=129007"},{"taxonomy":"post_tag","embeddable":true,"href":"https:\/\/www.europesays.com\/se\/wp-json\/wp\/v2\/tags?post=129007"}],"curies":[{"name":"wp","href":"https:\/\/api.w.org\/{rel}","templated":true}]}}