{"id":129025,"date":"2026-01-07T23:32:12","date_gmt":"2026-01-07T23:32:12","guid":{"rendered":"https:\/\/www.europesays.com\/se\/129025\/"},"modified":"2026-01-07T23:32:12","modified_gmt":"2026-01-07T23:32:12","slug":"stort-behov-av-att-grata","status":"publish","type":"post","link":"https:\/\/www.europesays.com\/se\/129025\/","title":{"rendered":"\u201dStort behov av att gr\u00e5ta\u201d"},"content":{"rendered":"<p>V\u00e4rldscupen i skidskytte startar om efter julledigheten \u2013 f\u00f6r det norska landslaget blir det utan Sivert Guttorm Bakken som hittades d\u00f6d p\u00e5 sitt hotellrum dagen f\u00f6re julafton.<\/p>\n<p>Landslagskollegan Vetle Sj\u00e5stad Christiansen s\u00e4ger till SVT Sport att julen varit tuff.<\/p>\n<p>\u2013 Jag har ett stort behov av att gr\u00e5ta.<\/p>\n<p>Laget f\u00e5r med sig en psykolog till Oberhof, rapporterar TT.<\/p>\n<p>\u2013 N\u00e4r man g\u00e5r igenom tuffa tider oavsett vad det \u00e4r, s\u00e5 \u00e4r det v\u00e4rsta man kan g\u00f6ra att sitta ensam med sina tankar. De m\u00e5ste man dela med n\u00e5gon, s\u00e4ger Christiansen.<\/p>\n<p>Bakken hittades d\u00f6d med en h\u00f6gh\u00f6jdsmask inst\u00e4lld p\u00e5 7\u202f000 meter, men det \u00e4r inte fastslaget att det finns en koppling till masken. En officiell d\u00f6dsorsak har inte meddelats. <\/p>\n<p>Omni \u00e4r politiskt obundna och oberoende. Vi str\u00e4var efter att ge fler perspektiv p\u00e5 nyheterna. Har du fr\u00e5gor eller synpunkter kring v\u00e5r rapportering? <a href=\"https:\/\/omni.se\/norska-landslaget-tar-med-psykolog-till-oberhof-stort-behov-att-grata\/a\/mailto:redaktion@omni.se\" class=\"ArticleActions_contactLink__W2F1M\" rel=\"nofollow noopener\" target=\"_blank\">Kontakta redaktionen<\/a><\/p>\n","protected":false},"excerpt":{"rendered":"V\u00e4rldscupen i skidskytte startar om efter julledigheten \u2013 f\u00f6r det norska landslaget blir det utan Sivert Guttorm Bakken&hellip;\n","protected":false},"author":2,"featured_media":129026,"comment_status":"","ping_status":"","sticky":false,"template":"","format":"standard","meta":{"footnotes":""},"categories":[68],"tags":[34,13284,3420,111,110,31,33,32,30,13285],"class_list":{"0":"post-129025","1":"post","2":"type-post","3":"status-publish","4":"format-standard","5":"has-post-thumbnail","7":"category-sport","8":"tag-se","9":"tag-sivert-guttorm-bakken","10":"tag-skidskytte","11":"tag-sport","12":"tag-sports","13":"tag-svenska","14":"tag-sverige","15":"tag-sweden","16":"tag-swedish","17":"tag-vetle-sjastad-christiansen"},"share_on_mastodon":{"url":"https:\/\/pubeurope.com\/@se\/115856431041634688","error":""},"_links":{"self":[{"href":"https:\/\/www.europesays.com\/se\/wp-json\/wp\/v2\/posts\/129025","targetHints":{"allow":["GET"]}}],"collection":[{"href":"https:\/\/www.europesays.com\/se\/wp-json\/wp\/v2\/posts"}],"about":[{"href":"https:\/\/www.europesays.com\/se\/wp-json\/wp\/v2\/types\/post"}],"author":[{"embeddable":true,"href":"https:\/\/www.europesays.com\/se\/wp-json\/wp\/v2\/users\/2"}],"replies":[{"embeddable":true,"href":"https:\/\/www.europesays.com\/se\/wp-json\/wp\/v2\/comments?post=129025"}],"version-history":[{"count":0,"href":"https:\/\/www.europesays.com\/se\/wp-json\/wp\/v2\/posts\/129025\/revisions"}],"wp:featuredmedia":[{"embeddable":true,"href":"https:\/\/www.europesays.com\/se\/wp-json\/wp\/v2\/media\/129026"}],"wp:attachment":[{"href":"https:\/\/www.europesays.com\/se\/wp-json\/wp\/v2\/media?parent=129025"}],"wp:term":[{"taxonomy":"category","embeddable":true,"href":"https:\/\/www.europesays.com\/se\/wp-json\/wp\/v2\/categories?post=129025"},{"taxonomy":"post_tag","embeddable":true,"href":"https:\/\/www.europesays.com\/se\/wp-json\/wp\/v2\/tags?post=129025"}],"curies":[{"name":"wp","href":"https:\/\/api.w.org\/{rel}","templated":true}]}}