{"id":129034,"date":"2026-01-07T23:59:07","date_gmt":"2026-01-07T23:59:07","guid":{"rendered":"https:\/\/www.europesays.com\/se\/129034\/"},"modified":"2026-01-07T23:59:07","modified_gmt":"2026-01-07T23:59:07","slug":"festen-gar-mot-sitt-slut-innan-den-har-borjat","status":"publish","type":"post","link":"https:\/\/www.europesays.com\/se\/129034\/","title":{"rendered":"Festen g\u00e5r mot sitt slut innan den har b\u00f6rjat"},"content":{"rendered":"<p>Stockholmsb\u00f6rsen st\u00e5r p\u00e5 nya rekord men hur forts\u00e4ttningen blir delar analytiker. EFN:s Peter Hedlund fr\u00e5gar sig om inte storbolagsfesten \u201dg\u00e5r mot sitt slut\u201d innan \u00e5ret knappt har b\u00f6rjat. Han pekar p\u00e5 h\u00f6ga v\u00e4rderingar och skyh\u00f6ga f\u00f6rv\u00e4ntningar p\u00e5 vinsttillv\u00e4xt, samtidigt som dollarns kr\u00e4ftg\u00e5ng forts\u00e4tter att pressa vinsterna. Hedlund noterar att v\u00e4rderingarna f\u00f6re vinst\u00f6kningarna \u00e4r omkring 21 g\u00e5nger p\u00e5 skuldfri basis (ev\/ebit) f\u00f6r ett likaviktat genomsnitt. \u201dDet lockar inte alls i min bok\u201d, skriver han.<\/p>\n<p>Placeras Carl-Johan Kullving kallar gl\u00e4djeyran p\u00e5 b\u00f6rsen f\u00f6r \u201den tydlig januarieffekt\u201d. En faktor bakom fenomenet tros vara att fondf\u00f6rvaltare s\u00e5lt av sina \u201dfula ankungar\u201d i december och nu pumpar in nytt kapital. Samtidigt tillf\u00f6rs marknaden nya pengar n\u00e4r stora akt\u00f6rer positionerar sig f\u00f6r det nya \u00e5ret. Fenomenet kan dessutom bli sj\u00e4lvuppfyllande, skriver Kullving. <\/p>\n<p>\u201dSlutligen ska inte heller optimism och framtidstro underskattas, d\u00e5 en ny start p\u00e5 \u00e5ret ofta ackompanjeras av positiva makro- och konjunkturprognoser.\u201d<\/p>\n<p>Omni \u00e4r politiskt obundna och oberoende. Vi str\u00e4var efter att ge fler perspektiv p\u00e5 nyheterna. Har du fr\u00e5gor eller synpunkter kring v\u00e5r rapportering? <a href=\"https:\/\/omni.se\/analys-festen-gar-mot-sitt-slut-innan-den-har-borjat\/a\/mailto:redaktion@omni.se\" class=\"ArticleActions_contactLink__W2F1M\" rel=\"nofollow noopener\" target=\"_blank\">Kontakta redaktionen<\/a><\/p>\n","protected":false},"excerpt":{"rendered":"Stockholmsb\u00f6rsen st\u00e5r p\u00e5 nya rekord men hur forts\u00e4ttningen blir delar analytiker. EFN:s Peter Hedlund fr\u00e5gar sig om inte&hellip;\n","protected":false},"author":2,"featured_media":129035,"comment_status":"","ping_status":"","sticky":false,"template":"","format":"standard","meta":{"footnotes":""},"categories":[65],"tags":[1047,72,70,71,34,1142,467,31,33,32,30],"class_list":{"0":"post-129034","1":"post","2":"type-post","3":"status-publish","4":"format-standard","5":"has-post-thumbnail","7":"category-ekonomi","8":"tag-analys","9":"tag-business","10":"tag-economy","11":"tag-ekonomi","12":"tag-se","13":"tag-sparande","14":"tag-stockholmsborsen","15":"tag-svenska","16":"tag-sverige","17":"tag-sweden","18":"tag-swedish"},"share_on_mastodon":{"url":"https:\/\/pubeurope.com\/@se\/115856537247541265","error":""},"_links":{"self":[{"href":"https:\/\/www.europesays.com\/se\/wp-json\/wp\/v2\/posts\/129034","targetHints":{"allow":["GET"]}}],"collection":[{"href":"https:\/\/www.europesays.com\/se\/wp-json\/wp\/v2\/posts"}],"about":[{"href":"https:\/\/www.europesays.com\/se\/wp-json\/wp\/v2\/types\/post"}],"author":[{"embeddable":true,"href":"https:\/\/www.europesays.com\/se\/wp-json\/wp\/v2\/users\/2"}],"replies":[{"embeddable":true,"href":"https:\/\/www.europesays.com\/se\/wp-json\/wp\/v2\/comments?post=129034"}],"version-history":[{"count":0,"href":"https:\/\/www.europesays.com\/se\/wp-json\/wp\/v2\/posts\/129034\/revisions"}],"wp:featuredmedia":[{"embeddable":true,"href":"https:\/\/www.europesays.com\/se\/wp-json\/wp\/v2\/media\/129035"}],"wp:attachment":[{"href":"https:\/\/www.europesays.com\/se\/wp-json\/wp\/v2\/media?parent=129034"}],"wp:term":[{"taxonomy":"category","embeddable":true,"href":"https:\/\/www.europesays.com\/se\/wp-json\/wp\/v2\/categories?post=129034"},{"taxonomy":"post_tag","embeddable":true,"href":"https:\/\/www.europesays.com\/se\/wp-json\/wp\/v2\/tags?post=129034"}],"curies":[{"name":"wp","href":"https:\/\/api.w.org\/{rel}","templated":true}]}}