{"id":129037,"date":"2026-01-08T00:07:09","date_gmt":"2026-01-08T00:07:09","guid":{"rendered":"https:\/\/www.europesays.com\/se\/129037\/"},"modified":"2026-01-08T00:07:09","modified_gmt":"2026-01-08T00:07:09","slug":"hotellanstalld-valdtog-gast-i-stockholm-doms-till-fangelse","status":"publish","type":"post","link":"https:\/\/www.europesays.com\/se\/129037\/","title":{"rendered":"Hotellanst\u00e4lld v\u00e5ldtog g\u00e4st i Stockholm \u2013 d\u00f6ms till f\u00e4ngelse"},"content":{"rendered":"<p>Publicerad 7 jan 2026 kl 20.38Uppdaterad kl 20.44<\/p>\n<p>Hotellmanagern v\u00e5ldtog en ung man som bodde p\u00e5 hotellet.<\/p>\n<p>G\u00e4sten var s\u00e4rskilt utsatt p\u00e5 grund av funktionsneds\u00e4ttning, r\u00e4dsla, och stor \u00e5ldersskillnad, enligt tingsr\u00e4tten.<\/p>\n<p>Mannen d\u00f6ms nu till f\u00e4ngelse och utvisning.<\/p>\n<p>Nyheter, reportage och analyser i Sverige och i \u00f6vriga v\u00e4rlden.<img   alt=\"\"\/><\/p>\n<p>En hotellanst\u00e4lld d\u00f6ms till f\u00e4ngelse och utvisning f\u00f6r att ha v\u00e5ldtagit en g\u00e4st.<\/p>\n<p>Foto: MAJA SUSLIN \/ TT NYHETSBYR\u00c5N<\/p>\n<p>\u00d6ppna bild i helsk\u00e4rm<img loading=\"lazy\"   alt=\"\"\/><\/p>\n<p>V\u00e5ldt\u00e4kten skedde i centrala Stockholm.<\/p>\n<p>Foto: Jessica Gow \/ TT \/ TT NYHETSBYR\u00c5N<\/p>\n<p>\u00d6ppna bild i helsk\u00e4rm<\/p>\n<p>Den unga mannen checkade h\u00f6sten 2024 in p\u00e5 ett hotell i centrala <a href=\"https:\/\/www.expressen.se\/tagg\/location\/stockholm\/\" class=\"\" rel=\"nofollow noopener\" target=\"_blank\">Stockholm<\/a>. D\u00e4r kom han in kontakt med en man i 45-\u00e5rs\u00e5ldern som jobbade som manager.<\/p>\n<p>Vid vistelsens slut f\u00f6ljde chefen med g\u00e4sten upp p\u00e5 rummet och v\u00e5ldtog honom, enligt en dom i Stockholms tingsr\u00e4tt.<\/p>\n<p>\u201dM\u00e5ls\u00e4ganden tog inga initiativ men l\u00e4t XX av r\u00e4dsla genomf\u00f6ra det orala och anala sexet med honom\u201d, st\u00e5r det i domen.<\/p>\n<p>Larmade direkt<\/p>\n<p>Den d\u00f6mde mannen k\u00e4nde till att offret inte var homosexuell, hade sociala sv\u00e5righeter och ett avvikande beteende. Det tillsammans med bland annat den stora \u00e5ldersskillnaden g\u00f6r att g\u00e4sten befann sig i en s\u00e4rskilt utsatt situation, enligt domen.<\/p>\n<p>Den unga mannen larmade direkt om h\u00e4ndelsen efter att han l\u00e4mnat hotellet. Hans vittnesm\u00e5l tillsammans med teknisk bevisning ligger till grund f\u00f6r domen.<\/p>\n<p>Hotellmanagern har nekat till brott och p\u00e5st\u00e5tt att offret deltagit frivilligt och gett sitt medgivande med ord och sitt agerande. Tingsr\u00e4tten noterar dock att mannen \u00e4ndrat sitt vittnesm\u00e5l och sl\u00e5r fast att \u201dhan f\u00f6rstod att m\u00e5ls\u00e4ganden inte samtyckte\u201d.<\/p>\n<p>Mannen som \u00e4r medborgare i Pakistan d\u00f6ms f\u00f6r v\u00e5ldt\u00e4kt till f\u00e4ngelse i 3,5 \u00e5r och utvisning med f\u00f6rbud att \u00e5terv\u00e4nda. Hans advokat s\u00e4ger att han i nul\u00e4get inte har en kommentar till domen och att de inte har tagit st\u00e4llning till om de ska \u00f6verklaga.<\/p>\n<p>Expressen har s\u00f6kt m\u00e5ls\u00e4garbitr\u00e4det.\u00a0<\/p>\n","protected":false},"excerpt":{"rendered":"Publicerad 7 jan 2026 kl 20.38Uppdaterad kl 20.44 Hotellmanagern v\u00e5ldtog en ung man som bodde p\u00e5 hotellet. G\u00e4sten&hellip;\n","protected":false},"author":2,"featured_media":129038,"comment_status":"","ping_status":"","sticky":false,"template":"","format":"standard","meta":{"footnotes":""},"categories":[65],"tags":[72,70,71,135,1520,34,154,31,33,32,30,1242],"class_list":{"0":"post-129037","1":"post","2":"type-post","3":"status-publish","4":"format-standard","5":"has-post-thumbnail","7":"category-ekonomi","8":"tag-business","9":"tag-economy","10":"tag-ekonomi","11":"tag-location-stockholm","12":"tag-organization-stockholms-tingsratt","13":"tag-se","14":"tag-sections-sverige","15":"tag-svenska","16":"tag-sverige","17":"tag-sweden","18":"tag-swedish","19":"tag-topic-sexualbrott"},"share_on_mastodon":{"url":"https:\/\/pubeurope.com\/@se\/115856568722540126","error":""},"_links":{"self":[{"href":"https:\/\/www.europesays.com\/se\/wp-json\/wp\/v2\/posts\/129037","targetHints":{"allow":["GET"]}}],"collection":[{"href":"https:\/\/www.europesays.com\/se\/wp-json\/wp\/v2\/posts"}],"about":[{"href":"https:\/\/www.europesays.com\/se\/wp-json\/wp\/v2\/types\/post"}],"author":[{"embeddable":true,"href":"https:\/\/www.europesays.com\/se\/wp-json\/wp\/v2\/users\/2"}],"replies":[{"embeddable":true,"href":"https:\/\/www.europesays.com\/se\/wp-json\/wp\/v2\/comments?post=129037"}],"version-history":[{"count":0,"href":"https:\/\/www.europesays.com\/se\/wp-json\/wp\/v2\/posts\/129037\/revisions"}],"wp:featuredmedia":[{"embeddable":true,"href":"https:\/\/www.europesays.com\/se\/wp-json\/wp\/v2\/media\/129038"}],"wp:attachment":[{"href":"https:\/\/www.europesays.com\/se\/wp-json\/wp\/v2\/media?parent=129037"}],"wp:term":[{"taxonomy":"category","embeddable":true,"href":"https:\/\/www.europesays.com\/se\/wp-json\/wp\/v2\/categories?post=129037"},{"taxonomy":"post_tag","embeddable":true,"href":"https:\/\/www.europesays.com\/se\/wp-json\/wp\/v2\/tags?post=129037"}],"curies":[{"name":"wp","href":"https:\/\/api.w.org\/{rel}","templated":true}]}}