{"id":129045,"date":"2026-01-08T00:31:21","date_gmt":"2026-01-08T00:31:21","guid":{"rendered":"https:\/\/www.europesays.com\/se\/129045\/"},"modified":"2026-01-08T00:31:21","modified_gmt":"2026-01-08T00:31:21","slug":"astra-zeneca-lyfter-pa-gron-stockholmsbors","status":"publish","type":"post","link":"https:\/\/www.europesays.com\/se\/129045\/","title":{"rendered":"Astra Zeneca lyfter p\u00e5 gr\u00f6n Stockholmsb\u00f6rs"},"content":{"rendered":"<p class=\"font-sans text-base text-text-main dark:text-text-main-dark font-normal leading-[1.4]\">Europab\u00f6rserna visade en blandad kursutveckling.<\/p>\n<p class=\"font-sans text-base text-text-main dark:text-text-main-dark font-normal leading-[1.4]\">Storbolagsindexet OMXS30 hade vid 12.30-tiden stigit 2,1 procent till niv\u00e5n 2.962. Aktier f\u00f6r 14 miljarder kronor hade d\u00e5 omsatts p\u00e5 Stockholmsb\u00f6rsen. Ute p\u00e5 de ledande Europab\u00f6rserna steg index i Frankfurt med n\u00e4stan en procent medan Londonb\u00f6rsen tappade cirka en halv procent.<\/p>\n<p class=\"font-sans text-base text-text-main dark:text-text-main-dark font-normal leading-[1.4]\">I f\u00f6rsvarssektorn steg Saab ytterligare 3 procent, efter att ha kl\u00e4ttrat 7 procent inf\u00f6r Trettondagshelgen. Ang\u00e5ende det geopolitiska l\u00e4get kan noteras att USA under tisdagen f\u00f6r f\u00f6rsta g\u00e5ngen gav sitt st\u00f6d till en bred koalition av Ukrainas allierade som lovar vissa s\u00e4kerhetsgarantier.<\/p>\n<p class=\"font-sans text-base text-text-main dark:text-text-main-dark font-normal leading-[1.4]\">Astra Zeneca lyfte n\u00e4stan 5 procent. L\u00e4kemedelsf\u00f6retagets nya formulering av SLE-l\u00e4kemedlet Saphnelo, som en f\u00f6rfylld injektionspenna som tas en g\u00e5ng i veckan, skulle kunna vara det som g\u00f6r att behandlingen mot den autoimmuna sjukdomen lupus kommer i kapp ett konkurrerande l\u00e4kemedel. Astra Zeneca-aktien har \u00e4ven f\u00e5tt h\u00f6jd riktkurs av banken Barclays.<\/p>\n<p class=\"font-sans text-base text-text-main dark:text-text-main-dark font-normal leading-[1.4]\">Inom OMXS30 visade serief\u00f6rv\u00e4rvarna en god utveckling. Addtech steg 5 procent och Lifco st\u00e4rktes 4 procent.<\/p>\n<p class=\"font-sans text-base text-text-main dark:text-text-main-dark font-normal leading-[1.4]\">\u00c4ven Asker Healthcare avancerade n\u00e4stan 5 procent. Serief\u00f6rv\u00e4rvaren har tecknat avtal om att f\u00f6rv\u00e4rva tv\u00e5 tyska bolag.<\/p>\n<p class=\"font-sans text-base text-text-main dark:text-text-main-dark font-normal leading-[1.4]\">Flera kursvinnare fanns i verkstadssektorn. Atlas Copco steg 3 procent med st\u00f6d av en h\u00f6jd rekommendation till outperform fr\u00e5n Bernstein.<\/p>\n<p class=\"font-sans text-base text-text-main dark:text-text-main-dark font-normal leading-[1.4]\">Livekasinoleverant\u00f6ren Evolution gick mot str\u00f6mmen med en nedg\u00e5ng p\u00e5 drygt en halv procent. Storbankerna utvecklades svagare \u00e4n index. Nordea och Handelsbanken vek ned med knappt en respektive n\u00e4stan en halv procent.<\/p>\n<p class=\"font-sans text-base text-text-main dark:text-text-main-dark font-normal leading-[1.4]\">Lastbilskoncernen Volvo \u00f6kade 3 procent. Den nordamerikanska marknadens ordering\u00e5ng p\u00e5 tunga lastbilar steg enligt ACT prelimin\u00e4rt till 42.700 fordon i december och vaknade d\u00e4rmed till liv efter svackan tidigare i fjol.<\/p>\n<p class=\"font-sans text-base text-text-main dark:text-text-main-dark font-normal leading-[1.4]\">Klimathanteringsbolaget Munters f\u00f6ll knappt 5 procent efter uttalanden fr\u00e5n Nvidias vd Jensen Huang p\u00e5 teknikm\u00e4ssan CES i Las Vegas. Enligt Nvidia-chefen \u00e4r det m\u00f6jligt att kyla ned bolagets n\u00e4sta generations Rubin-chip med vatten utan att det kr\u00e4vs ett kylaggregat.<\/p>\n<p class=\"font-sans text-base text-text-main dark:text-text-main-dark font-normal leading-[1.4]\">Volvo Cars sj\u00f6nk drygt 2 procent. Citi har inlett bevakning med rekommendationen s\u00e4lj. Volvo Cars meddelade samtidigt att bolagets globala f\u00f6rs\u00e4ljning, m\u00e4tt i antal bilar, \u00f6kade med 2 procent i december.<\/p>\n<p class=\"font-sans text-base text-text-main dark:text-text-main-dark font-normal leading-[1.4]\">Flera investmentbanker har s\u00e4nkt sina riktkurser f\u00f6r Hemnet. Bostadsplattformens aktie sj\u00f6nk \u00f6ver 3 procent.<\/p>\n<p class=\"font-sans text-base text-text-main dark:text-text-main-dark font-normal leading-[1.4]\">Bland n\u00e4tm\u00e4klarna var Avanza-aktien ned drygt 3 procent och Nordnet backade 1 procent. B\u00e5da n\u00e4tm\u00e4klarna redovisade l\u00e4gre nettoinfl\u00f6den i december, varav Avanza hade st\u00f6rst nedg\u00e5ng.<\/p>\n<p class=\"font-sans text-base text-text-main dark:text-text-main-dark font-normal leading-[1.4]\">Vicore h\u00f6jdes 16 procent till 12:28 kronor. Cantor Fitzgerald har inlett bevakning med rekommendationen \u00f6vervikt och en riktkurs p\u00e5 33 kronor.<\/p>\n<p class=\"font-sans text-base text-text-main dark:text-text-main-dark font-normal leading-[1.4]\">Orr\u00f6n, verksamt inom f\u00f6rnybar energi, avancerade 12 procent. Bolaget har gett en uppdatering kring sin projektportf\u00f6lj.<\/p>\n<p class=\"font-sans text-base text-text-main dark:text-text-main-dark font-normal leading-[1.4]\">Nanoform, verksamt inom medicinteknik, sj\u00f6nk 9 procent efter att ha startat fackliga f\u00f6rhandlingar i Finland om neddragning.<\/p>\n<p class=\"font-sans text-base text-text-main dark:text-text-main-dark font-normal leading-[1.4]\">Graf: OMXS30 onsdagen den 7 januari<\/p>\n<p class=\"font-sans text-base text-text-main dark:text-text-main-dark font-normal leading-[1.4]\"><a class=\"text-primary-90 underline hover:text-primary-110 hover:no-underline\" rel=\"noopener noreferrer\" target=\"_blank\" href=\"https:\/\/www.europesays.com\/se\/wp-content\/uploads\/2026\/01\/652562001.png\"><img decoding=\"async\" src=\"https:\/\/www.europesays.com\/se\/wp-content\/uploads\/2026\/01\/652562001.png\" alt=\"image\" class=\"rounded-2xl max-w-full\"\/><\/a><\/p>\n<p class=\"font-sans text-base text-text-main dark:text-text-main-dark font-normal leading-[1.4]\">K\u00e4lla: Infront<\/p>\n","protected":false},"excerpt":{"rendered":"Europab\u00f6rserna visade en blandad kursutveckling. Storbolagsindexet OMXS30 hade vid 12.30-tiden stigit 2,1 procent till niv\u00e5n 2.962. Aktier f\u00f6r&hellip;\n","protected":false},"author":2,"featured_media":129046,"comment_status":"","ping_status":"","sticky":false,"template":"","format":"standard","meta":{"footnotes":""},"categories":[65],"tags":[5830,6604,5233,6601,5841,5835,6875,72,70,71,5108,10405,5884,5863,13286,5821,5905,2200,34,31,33,32,30,6437,6581,5795],"class_list":{"0":"post-129045","1":"post","2":"type-post","3":"status-publish","4":"format-standard","5":"has-post-thumbnail","7":"category-ekonomi","8":"tag-addtech","9":"tag-asker-healthcare","10":"tag-astrazeneca","11":"tag-astrazeneca-adr","12":"tag-atlas-copco","13":"tag-atlas-copco-b","14":"tag-avanza-bank-holding","15":"tag-business","16":"tag-economy","17":"tag-ekonomi","18":"tag-evolution","19":"tag-hemnet-group","20":"tag-lifco","21":"tag-munters-group","22":"tag-nanoform-finland","23":"tag-nordea-bank","24":"tag-nordnet","25":"tag-saab","26":"tag-se","27":"tag-svenska","28":"tag-sverige","29":"tag-sweden","30":"tag-swedish","31":"tag-volvo","32":"tag-volvo-a","33":"tag-volvo-car"},"share_on_mastodon":{"url":"https:\/\/pubeurope.com\/@se\/115856663034656933","error":""},"_links":{"self":[{"href":"https:\/\/www.europesays.com\/se\/wp-json\/wp\/v2\/posts\/129045","targetHints":{"allow":["GET"]}}],"collection":[{"href":"https:\/\/www.europesays.com\/se\/wp-json\/wp\/v2\/posts"}],"about":[{"href":"https:\/\/www.europesays.com\/se\/wp-json\/wp\/v2\/types\/post"}],"author":[{"embeddable":true,"href":"https:\/\/www.europesays.com\/se\/wp-json\/wp\/v2\/users\/2"}],"replies":[{"embeddable":true,"href":"https:\/\/www.europesays.com\/se\/wp-json\/wp\/v2\/comments?post=129045"}],"version-history":[{"count":0,"href":"https:\/\/www.europesays.com\/se\/wp-json\/wp\/v2\/posts\/129045\/revisions"}],"wp:featuredmedia":[{"embeddable":true,"href":"https:\/\/www.europesays.com\/se\/wp-json\/wp\/v2\/media\/129046"}],"wp:attachment":[{"href":"https:\/\/www.europesays.com\/se\/wp-json\/wp\/v2\/media?parent=129045"}],"wp:term":[{"taxonomy":"category","embeddable":true,"href":"https:\/\/www.europesays.com\/se\/wp-json\/wp\/v2\/categories?post=129045"},{"taxonomy":"post_tag","embeddable":true,"href":"https:\/\/www.europesays.com\/se\/wp-json\/wp\/v2\/tags?post=129045"}],"curies":[{"name":"wp","href":"https:\/\/api.w.org\/{rel}","templated":true}]}}