{"id":129064,"date":"2026-01-08T02:02:10","date_gmt":"2026-01-08T02:02:10","guid":{"rendered":"https:\/\/www.europesays.com\/se\/129064\/"},"modified":"2026-01-08T02:02:10","modified_gmt":"2026-01-08T02:02:10","slug":"man-patraffad-avliden-i-vatten-expressen","status":"publish","type":"post","link":"https:\/\/www.europesays.com\/se\/129064\/","title":{"rendered":"Man p\u00e5tr\u00e4ffad avliden i vatten &#8211; Expressen"},"content":{"rendered":"<ol>\n<li><a href=\"https:\/\/news.google.com\/rss\/articles\/CBMilwFBVV95cUxOemVLdVAybWk2OVJNZ3o1NnVLYVVWUWhNMkZhb2Uyb2NYeWxVSlFaalA3Skh3YmZSdFRXV1FKUE9EOXRlQkdLdVZXUW9CMVpDUG01WjFpYTFYX3gyQ0JhLWZHN3ZFNzNqdEc5dnAzMEZOSW1iWmdNb2xfNi1lZ1pPZTg3V3duOHZZN0YwY1Z1OG9aV3NBc0RZ?oc=5\" target=\"_blank\" rel=\"nofollow noopener\">Man p\u00e5tr\u00e4ffad avliden i vatten<\/a>&nbsp;&nbsp;Expressen<\/li>\n<li><a href=\"https:\/\/news.google.com\/rss\/articles\/CBMilgFBVV95cUxQSEQ0cWNVdVVlc084NGNGWHVNVkl2RVRMY1VIc19tMlBrYUtmTlJlRzg0R1dYcmt1Umd1MTJuRVp3RmhTS1NwQUFmWERfVjNMN0Y0cEk2T0RZdk5sam5TQWpTbnNDRl92aGVveG9yaV9UWnppcW4zMkl6SnZCQlpBdDBLcFBCZm1IVEVRX3NIOHZfWVFFMHc?oc=5\" target=\"_blank\" rel=\"nofollow noopener\">Trump f\u00f6resl\u00e5r rekordstor milit\u00e4rbudget f\u00f6r 2027<\/a>&nbsp;&nbsp;SVT Nyheter<\/li>\n<li><a href=\"https:\/\/news.google.com\/rss\/articles\/CBMiekFVX3lxTE9fb3NEZkk0emtwNXhFbURpLVJWMGs0b0theWF5OFN4emlNRGVNclBFRTZXaWd5cDVoM2YxeFZLMXhnT3pIeU1RaEtLUUFsWnZYQW5SWWFiM3pldkIwV0hKUGlacTUyRjdGU2M3a1RoamtIUzZ2eWxoUGxR?oc=5\" target=\"_blank\" rel=\"nofollow noopener\">Trump vill stoppa aktieutdelning i f\u00f6rsvarsbolag<\/a>&nbsp;&nbsp;SvD<\/li>\n<li><a href=\"https:\/\/news.google.com\/rss\/articles\/CBMiigFBVV95cUxQWGtfenZBZU5jZnI1ZHJVNk83VmRkdDZDQVpHNjB2b01FbmM0ZlVSbWZwdVBUOWc2eDFNdDZhNE5RaWFUaFVONXIyVzRIaVdqUUdadXU4X3ZTWnAxSHd6ajMwbXJNVmVUcVh3aktpWnNrYjBybl9HSkRGNlEyUnRZd202bjVsaHlQVEE?oc=5\" target=\"_blank\" rel=\"nofollow noopener\">Trump vill ge 500 miljarder dollar mer till f\u00f6rsvaret<\/a>&nbsp;&nbsp;Aftonbladet<\/li>\n<li><a href=\"https:\/\/news.google.com\/rss\/articles\/CBMiiAFBVV95cUxQOHhHTWs0a1JwZTBwZ3E1bmJOVkpSaVVLNUhoMVVBcXFYLVRXMnExTlZqd1BON3Y5ekpvOWNxVGxFVHNiby1HM3lHRll5a2tKWWQ1dDR2OEZ3UF9IZWZTRWNIY0FRTDdNQnYwY3h2MFU1M1plczhPM09kRmFjVkg1WDVCa2djRnN0?oc=5\" target=\"_blank\" rel=\"nofollow noopener\">Wall Street st\u00e4ngde n\u00e4ra dagsl\u00e4gsta \u2013 f\u00f6rsvar och bank f\u00f6ll<\/a>&nbsp;&nbsp;DI<\/li>\n<\/ol>\n","protected":false},"excerpt":{"rendered":"Man p\u00e5tr\u00e4ffad avliden i vatten&nbsp;&nbsp;Expressen Trump f\u00f6resl\u00e5r rekordstor milit\u00e4rbudget f\u00f6r 2027&nbsp;&nbsp;SVT Nyheter Trump vill stoppa aktieutdelning i f\u00f6rsvarsbolag&nbsp;&nbsp;SvD&hellip;\n","protected":false},"author":2,"featured_media":39,"comment_status":"","ping_status":"","sticky":false,"template":"","format":"standard","meta":{"footnotes":""},"categories":[5],"tags":[22,23,26,27,17,21,24,25,28,29,15,16,18,34,31,33,32,30,19,20],"class_list":{"0":"post-129064","1":"post","2":"type-post","3":"status-publish","4":"format-standard","5":"has-post-thumbnail","7":"category-rubriker","8":"tag-breaking-news","9":"tag-breakingnews","10":"tag-featured-news","11":"tag-featurednews","12":"tag-headlines","13":"tag-huvudnyheter","14":"tag-latest-news","15":"tag-latestnews","16":"tag-main-news","17":"tag-mainnews","18":"tag-news","19":"tag-nyheter","20":"tag-rubriker","21":"tag-se","22":"tag-svenska","23":"tag-sverige","24":"tag-sweden","25":"tag-swedish","26":"tag-top-stories","27":"tag-topstories"},"share_on_mastodon":{"url":"https:\/\/pubeurope.com\/@se\/115857020864147188","error":""},"_links":{"self":[{"href":"https:\/\/www.europesays.com\/se\/wp-json\/wp\/v2\/posts\/129064","targetHints":{"allow":["GET"]}}],"collection":[{"href":"https:\/\/www.europesays.com\/se\/wp-json\/wp\/v2\/posts"}],"about":[{"href":"https:\/\/www.europesays.com\/se\/wp-json\/wp\/v2\/types\/post"}],"author":[{"embeddable":true,"href":"https:\/\/www.europesays.com\/se\/wp-json\/wp\/v2\/users\/2"}],"replies":[{"embeddable":true,"href":"https:\/\/www.europesays.com\/se\/wp-json\/wp\/v2\/comments?post=129064"}],"version-history":[{"count":0,"href":"https:\/\/www.europesays.com\/se\/wp-json\/wp\/v2\/posts\/129064\/revisions"}],"wp:featuredmedia":[{"embeddable":true,"href":"https:\/\/www.europesays.com\/se\/wp-json\/wp\/v2\/media\/39"}],"wp:attachment":[{"href":"https:\/\/www.europesays.com\/se\/wp-json\/wp\/v2\/media?parent=129064"}],"wp:term":[{"taxonomy":"category","embeddable":true,"href":"https:\/\/www.europesays.com\/se\/wp-json\/wp\/v2\/categories?post=129064"},{"taxonomy":"post_tag","embeddable":true,"href":"https:\/\/www.europesays.com\/se\/wp-json\/wp\/v2\/tags?post=129064"}],"curies":[{"name":"wp","href":"https:\/\/api.w.org\/{rel}","templated":true}]}}