{"id":129067,"date":"2026-01-08T02:18:12","date_gmt":"2026-01-08T02:18:12","guid":{"rendered":"https:\/\/www.europesays.com\/se\/129067\/"},"modified":"2026-01-08T02:18:12","modified_gmt":"2026-01-08T02:18:12","slug":"patrik-sjobergs-vadjan-efter-avslaget","status":"publish","type":"post","link":"https:\/\/www.europesays.com\/se\/129067\/","title":{"rendered":"Patrik Sj\u00f6bergs v\u00e4djan \u2013 efter avslaget"},"content":{"rendered":"<p>Publicerad 7 jan 2026 kl 18.38Uppdaterad kl 21.00<\/p>\n<p>I december fick h\u00f6jdhoppsikonen Patrik Sj\u00f6berg avslag p\u00e5 sin ans\u00f6kan om skuldsanering.<\/p>\n<p>Nu \u00f6verklagar han beslutet g\u00e4llande de 1,8 miljoner kronorna han har i skulder.<\/p>\n<p><img   alt=\"\"\/> <\/p>\n<p>Foto: HANNA BRUNL\u00d6F WINDELL<\/p>\n<p>\u00d6ppna bild i helsk\u00e4rm<\/p>\n<p>Den tidigare h\u00f6jdhoppsikonen har de senaste \u00e5ren fr\u00e4mst \u00e4gnat sig \u00e5t arbete med pedofiljagarsajten <a href=\"https:\/\/www.expressen.se\/tagg\/organization\/dumpen\/\" class=\"\" rel=\"nofollow noopener\" target=\"_blank\">Dumpen<\/a>, vilken han driver ihop med Sara Nilsson.<\/p>\n<p>Detta efter en framg\u00e5ngsrik karri\u00e4r inneh\u00e5llande v\u00e4rldsrekord, VM- och OS-medaljer. Allt innan han livn\u00e4rde sig p\u00e5 tv-framtr\u00e4danden och som f\u00f6rel\u00e4sare.<\/p>\n<p>D\u00e4refter har det varit tyngre.<\/p>\n<p>Innan \u00e5rsskiftet ans\u00f6kte Sj\u00f6berg dessutom om skuldsanering.\u00a0<\/p>\n<p>Artikeln i korthet<\/p>\n<p>\u2022 H\u00f6jdhoppsikonen Patrik Sj\u00f6berg fick sin ans\u00f6kan om skuldsanering avslagen.<\/p>\n<p>\u2022 Nu har han \u00f6verklagat beslutet och menar att han haft \u201df\u00f6rs\u00e4mrad betalningsf\u00f6rm\u00e5ga\u201d.<\/p>\n<p>\u2022 Sj\u00f6berg uppvisar s\u00e5 v\u00e4l en oro f\u00f6r sin m\u00f6jlighet att betala skulderna, som f\u00f6r \u201durholkande av lagens syfte\u201d.<\/p>\n<p>Visa mer<\/p>\n<p>D\u00e5 hade Kronofogden bekr\u00e4ftat att Sj\u00f6bergs skuldsaldo uppg\u00e5tt till drygt 1,8 miljoner kronor. Vilket renderade i att han ans\u00f6kte om skuldsanering.<\/p>\n<p>\u2013 Jag som m\u00e5nga andra drabbades h\u00e5rt av pandemin, sade han i en kommentar till <a href=\"https:\/\/www.expressen.se\/nyheter\/sverige\/patrik-sjoberg-dras-med-miljonskulder-efter-pandemin\/\" rel=\"nofollow noopener\" target=\"_blank\">Expressen<\/a>.<\/p>\n<p>Sedan kom n\u00e4sta sm\u00e4ll.<\/p>\n<p>Sj\u00f6bergs ans\u00f6kan avslogs av Kronofogden.<\/p>\n<p>Patrik Sj\u00f6bergs framtidsoro\u00a0<\/p>\n<p>Nu \u00f6verklagar han beslutet och uppger nu att skulderna uppg\u00e5r till 1,9 miljoner kronor. \u00c4rendet landade hos tingsr\u00e4tten f\u00f6r tv\u00e5 dagar sedan.<\/p>\n<p>Han betonar att han sedan 2019 haft \u201dv\u00e4sentligt f\u00f6rs\u00e4mrad betalningsf\u00f6rm\u00e5ga\u201d till f\u00f6ljd av l\u00e5ngvarig sjukskrivning p\u00e5 grund av fysisk oh\u00e4lsa, samt pandemins f\u00f6ljder i form av inkomstbortfall och utebliven korttidspermittering.<\/p>\n<p>Sj\u00f6berg menar att Kronofogdens bed\u00f6mning \u00e4r \u201df\u00f6r sn\u00e4v\u201d, samt att myndigheten bortser fr\u00e5n orsakerna bakom f\u00f6rm\u00e5gan att betala skulderna. Som en f\u00f6r\u00e4ndrad ekonomisk situation. \u00a0<\/p>\n<p>Han sl\u00e5r fast att det \u201dsaknas realistisk m\u00f6jlighet att betala skulderna inom kort\u201d och att nekad skuldsanering \u201driskerar att urholka lagens rehabiliterande syfte\u201d.<\/p>\n<p><img loading=\"lazy\"   alt=\"\"\/> <\/p>\n<p>Foto: HANNA BRUNL\u00d6F<\/p>\n<p>\u00d6ppna bild i helsk\u00e4rm\u201dInte guld och gr\u00f6na skogar\u201d<\/p>\n<p>Sj\u00f6berg har tidigare ber\u00e4ttat att arbetet med Dumpen har f\u00f6rsv\u00e5rat f\u00f6r honom n\u00e4r det kommer till andra uppdrag. Sajten i sig har g\u00e5tt runt p\u00e5 swish-donationer och reklam. Men i \u00f6verklagan sl\u00e5r han fast att han lever \u201dunder strikt ekonomisk kontroll\u201d.<\/p>\n<p>\u2013 Det h\u00e4r jobbet har svartlistat mig fr\u00e5n allt annat jag har jobbat med tidigare. Tv-marknaden har v\u00e4nt mig ryggen helt, jag f\u00e5r inga f\u00f6rel\u00e4sningar heller l\u00e4ngre. Men det \u00e4r sk\u00f6nt, jag har fullt upp med det h\u00e4r. Det \u00e4r bara m\u00e4rkligt att barnr\u00e4ttsfr\u00e5gor \u00e4r kontroversiellt, sade han till <a href=\"https:\/\/www.expressen.se\/nyheter\/sverige\/patrik-sjoberg-jag-ar-svartlistad-fran-alla-uppdrag\/\" rel=\"nofollow noopener\" target=\"_blank\">Expressen<\/a> tidigare.\u00a0<\/p>\n<p>F\u00f6r egen del f\u00f6rklarade Sj\u00f6berg att \u201ddet inte \u00e4r guld och gr\u00f6na skogar\u201d.<\/p>\n<p>Expressen har s\u00f6kt Patrik Sj\u00f6berg.<\/p>\n<p>Skuldsanering<\/p>\n<p>Skuldsanering \u00e4r till f\u00f6r de som inte kan betala sina skulder p\u00e5 egen hand. Genom en betalningsplan \u00e4r tanken att man skall bli skuldfri efter ett antal \u00e5r, d\u00e4r man lever p\u00e5 existensminimum och betalar av skulderna. F\u00f6r att beviljas skuldsanering beh\u00f6ver man ans\u00f6ka och f\u00e5 godk\u00e4nt fr\u00e5n Kronofogden.<\/p>\n<p>Visa mer<\/p>\n","protected":false},"excerpt":{"rendered":"Publicerad 7 jan 2026 kl 18.38Uppdaterad kl 21.00 I december fick h\u00f6jdhoppsikonen Patrik Sj\u00f6berg avslag p\u00e5 sin ans\u00f6kan&hellip;\n","protected":false},"author":2,"featured_media":129068,"comment_status":"","ping_status":"","sticky":false,"template":"","format":"standard","meta":{"footnotes":""},"categories":[5],"tags":[22,23,26,27,17,21,24,25,28,29,15,16,1241,6418,3458,18,34,811,31,33,32,30,19,20],"class_list":{"0":"post-129067","1":"post","2":"type-post","3":"status-publish","4":"format-standard","5":"has-post-thumbnail","7":"category-rubriker","8":"tag-breaking-news","9":"tag-breakingnews","10":"tag-featured-news","11":"tag-featurednews","12":"tag-headlines","13":"tag-huvudnyheter","14":"tag-latest-news","15":"tag-latestnews","16":"tag-main-news","17":"tag-mainnews","18":"tag-news","19":"tag-nyheter","20":"tag-organization-dumpen","21":"tag-organization-kronofogden","22":"tag-person-patrik-sjoberg","23":"tag-rubriker","24":"tag-se","25":"tag-sections-friidrott","26":"tag-svenska","27":"tag-sverige","28":"tag-sweden","29":"tag-swedish","30":"tag-top-stories","31":"tag-topstories"},"share_on_mastodon":{"url":"https:\/\/pubeurope.com\/@se\/115857083740501475","error":""},"_links":{"self":[{"href":"https:\/\/www.europesays.com\/se\/wp-json\/wp\/v2\/posts\/129067","targetHints":{"allow":["GET"]}}],"collection":[{"href":"https:\/\/www.europesays.com\/se\/wp-json\/wp\/v2\/posts"}],"about":[{"href":"https:\/\/www.europesays.com\/se\/wp-json\/wp\/v2\/types\/post"}],"author":[{"embeddable":true,"href":"https:\/\/www.europesays.com\/se\/wp-json\/wp\/v2\/users\/2"}],"replies":[{"embeddable":true,"href":"https:\/\/www.europesays.com\/se\/wp-json\/wp\/v2\/comments?post=129067"}],"version-history":[{"count":0,"href":"https:\/\/www.europesays.com\/se\/wp-json\/wp\/v2\/posts\/129067\/revisions"}],"wp:featuredmedia":[{"embeddable":true,"href":"https:\/\/www.europesays.com\/se\/wp-json\/wp\/v2\/media\/129068"}],"wp:attachment":[{"href":"https:\/\/www.europesays.com\/se\/wp-json\/wp\/v2\/media?parent=129067"}],"wp:term":[{"taxonomy":"category","embeddable":true,"href":"https:\/\/www.europesays.com\/se\/wp-json\/wp\/v2\/categories?post=129067"},{"taxonomy":"post_tag","embeddable":true,"href":"https:\/\/www.europesays.com\/se\/wp-json\/wp\/v2\/tags?post=129067"}],"curies":[{"name":"wp","href":"https:\/\/api.w.org\/{rel}","templated":true}]}}