{"id":129069,"date":"2026-01-08T02:58:15","date_gmt":"2026-01-08T02:58:15","guid":{"rendered":"https:\/\/www.europesays.com\/se\/129069\/"},"modified":"2026-01-08T02:58:15","modified_gmt":"2026-01-08T02:58:15","slug":"usa-och-danmark-ska-ha-mote-om-gronland-expressen","status":"publish","type":"post","link":"https:\/\/www.europesays.com\/se\/129069\/","title":{"rendered":"USA och Danmark ska ha m\u00f6te om Gr\u00f6nland &#8211; Expressen"},"content":{"rendered":"<ol>\n<li><a href=\"https:\/\/news.google.com\/rss\/articles\/CBMilwFBVV95cUxOaVkxWkpNREVsakNMTFF3Qzk0dDNzbWlWVlhIOG5pblpKWkcycnlPSV9aRjlmMjI4eG5xbFc5bEp1dzJRb2llcFFkaU5BM2N3RW53bFk1Wm5zRW52b3VXSHFpdDFOTjY2UjNPZ2xEeV80bHhfM3JWZVFnUUZ3SVRuWkhtZnE1WlNnSDdLekludEp4RTRkbXJB?oc=5\" target=\"_blank\" rel=\"nofollow noopener\">USA och Danmark ska ha m\u00f6te om Gr\u00f6nland<\/a>&nbsp;&nbsp;Expressen<\/li>\n<li><a href=\"https:\/\/news.google.com\/rss\/articles\/CBMioAFBVV95cUxQazZJdGtoZ0NmaEhQV3hrVkh4azlVbEM2UmVCbmFRbVhMSmZqaHRzX0E2WTZ3UkZnNHhqaldkNGNDbzFCUFY1Mmx2eGQ4aHAzbnpXa1hCVnNYYkJKdzJsQlhjNmxtZXhwR1VZM19tNk5mVTBjaE4wUWpWTDh5XzlUTWJ3OWFYSkV6ai1kV0NaQmUwTnN1bTk0NjZpYVcxVHd1?oc=5\" target=\"_blank\" rel=\"nofollow noopener\">Fr\u00e5gan \u00e4r inte l\u00e4ngre om \u2013 utan n\u00e4r \u2013 Trump f\u00f6rs\u00f6ker ta Gr\u00f6nland<\/a>&nbsp;&nbsp;Aftonbladet<\/li>\n<li><a href=\"https:\/\/news.google.com\/rss\/articles\/CBMif0FVX3lxTFByQV9veVNmNUVjU3NkTC1rVGJMT0hBZWpBVS11NWdnaWQ5UWNnRk8xZUVOOFY2TFlvOFhBU19fQ0ZscFIxZmVld1l4aTdDZ1RnZk9nNFY1NWVYWWhsdkFfWlhIajZ6aVZKTTZFX29sbWI1NzdQRDBjMU9MT3hQczQ?oc=5\" target=\"_blank\" rel=\"nofollow noopener\">Rubio: Ska m\u00f6tas med Danmark n\u00e4sta vecka<\/a>&nbsp;&nbsp;SVT Nyheter<\/li>\n<li><a href=\"https:\/\/news.google.com\/rss\/articles\/CBMiggFBVV95cUxPWTluLVZEMU1EbVdxR2hBa2JXeVhSMFRSQi13QXUweUVXTHpXOXlmaVRqNVFIN2xjTFVSVFUzaUMydDFlbXo5c1ljZWpKWlNHaVpYLXhvanVGX2xoVFdWMklUZUw2TTBwMDdFbzNMOTVDQnpsbWVKTjNOYjlXZUhtVkxB?oc=5\" target=\"_blank\" rel=\"nofollow noopener\">USA vill k\u00f6pa Gr\u00f6nland \u2013 men hur mycket \u00e4r \u00f6n v\u00e4rd? | Therese Bergstedt<\/a>&nbsp;&nbsp;SvD<\/li>\n<li><a href=\"https:\/\/news.google.com\/rss\/articles\/CBMihwFBVV95cUxNSHBhMm0wcWMtYUZORERCNFZDZHV0bVRidXNna2VIaDFZMW1BQjBaX05SU3BsNXlkNUdteW9HTlg2ZkxxYmFMdUptYkJIR0NjZ3Q5Q3lJQ0hZRUFaUzA1VktuaEswODJmR01yOEhJaVFOY0p0eURoX25GMHZVVHhjbWlSdEVReDA?oc=5\" target=\"_blank\" rel=\"nofollow noopener\">Expert: \u201dSkulle kunna hota hela Natos framtid\u201d<\/a>&nbsp;&nbsp;Sveriges Radio<\/li>\n<\/ol>\n","protected":false},"excerpt":{"rendered":"USA och Danmark ska ha m\u00f6te om Gr\u00f6nland&nbsp;&nbsp;Expressen Fr\u00e5gan \u00e4r inte l\u00e4ngre om \u2013 utan n\u00e4r \u2013 Trump&hellip;\n","protected":false},"author":2,"featured_media":39,"comment_status":"","ping_status":"","sticky":false,"template":"","format":"standard","meta":{"footnotes":""},"categories":[5],"tags":[22,23,26,27,17,21,24,25,28,29,15,16,18,34,31,33,32,30,19,20],"class_list":{"0":"post-129069","1":"post","2":"type-post","3":"status-publish","4":"format-standard","5":"has-post-thumbnail","7":"category-rubriker","8":"tag-breaking-news","9":"tag-breakingnews","10":"tag-featured-news","11":"tag-featurednews","12":"tag-headlines","13":"tag-huvudnyheter","14":"tag-latest-news","15":"tag-latestnews","16":"tag-main-news","17":"tag-mainnews","18":"tag-news","19":"tag-nyheter","20":"tag-rubriker","21":"tag-se","22":"tag-svenska","23":"tag-sverige","24":"tag-sweden","25":"tag-swedish","26":"tag-top-stories","27":"tag-topstories"},"share_on_mastodon":{"url":"https:\/\/pubeurope.com\/@se\/115857241085039046","error":""},"_links":{"self":[{"href":"https:\/\/www.europesays.com\/se\/wp-json\/wp\/v2\/posts\/129069","targetHints":{"allow":["GET"]}}],"collection":[{"href":"https:\/\/www.europesays.com\/se\/wp-json\/wp\/v2\/posts"}],"about":[{"href":"https:\/\/www.europesays.com\/se\/wp-json\/wp\/v2\/types\/post"}],"author":[{"embeddable":true,"href":"https:\/\/www.europesays.com\/se\/wp-json\/wp\/v2\/users\/2"}],"replies":[{"embeddable":true,"href":"https:\/\/www.europesays.com\/se\/wp-json\/wp\/v2\/comments?post=129069"}],"version-history":[{"count":0,"href":"https:\/\/www.europesays.com\/se\/wp-json\/wp\/v2\/posts\/129069\/revisions"}],"wp:featuredmedia":[{"embeddable":true,"href":"https:\/\/www.europesays.com\/se\/wp-json\/wp\/v2\/media\/39"}],"wp:attachment":[{"href":"https:\/\/www.europesays.com\/se\/wp-json\/wp\/v2\/media?parent=129069"}],"wp:term":[{"taxonomy":"category","embeddable":true,"href":"https:\/\/www.europesays.com\/se\/wp-json\/wp\/v2\/categories?post=129069"},{"taxonomy":"post_tag","embeddable":true,"href":"https:\/\/www.europesays.com\/se\/wp-json\/wp\/v2\/tags?post=129069"}],"curies":[{"name":"wp","href":"https:\/\/api.w.org\/{rel}","templated":true}]}}