{"id":129110,"date":"2026-01-08T05:09:20","date_gmt":"2026-01-08T05:09:20","guid":{"rendered":"https:\/\/www.europesays.com\/se\/129110\/"},"modified":"2026-01-08T05:09:20","modified_gmt":"2026-01-08T05:09:20","slug":"det-var-regnet-av-cecilia-davidsson","status":"publish","type":"post","link":"https:\/\/www.europesays.com\/se\/129110\/","title":{"rendered":"\u201dDet var regnet\u201d av Cecilia Davidsson"},"content":{"rendered":"<p>Ett st\u00f6rtregn bryter ut i Danderyd och efter det blir ingenting sig likt. Eller? I sj\u00e4lva verket \u00e4r problemet kanske snarare det rakt motsatta: att regnet inte har \u00e4ndrat p\u00e5 n\u00e5got alls, inte spolat bort eller spolat rent. V\u00e4dret \u00f6verg\u00e5r snart i samma f\u00f6r\u00adlamande sommarhetta som dessf\u00f6rinnan<strong> <\/strong>\u2013 och den familj som st\u00e5r i centrum f\u00f6r Cecilia Davidssons nya roman lever kvar i samma dysfunktionella dynamik som de sedan l\u00e4nge har vant sig vid, v\u00e4xt sig fast i, blivit ett med.<\/p>\n<p>Sonen Malte kl\u00e4r sig, till faderns stora f\u00f6rskr\u00e4ckelse, i kjolar och har bara digitala v\u00e4nner, \u00e4ven om vissa av dem verkar materialisera sig i villan p\u00e5 ett ov\u00e4ntat och overkligt s\u00e4tt. Dottern Lillan, som inte l\u00e4ngre \u00e4r s\u00e4rskilt liten, har klarat sig igenom den v\u00e4rsta ton\u00e5rskrisen men \u00e4cklas innerligt av sina f\u00f6r\u00e4ldrar. Mamman Titti, som givit upp sin juristkarri\u00e4r f\u00f6r att ta hand om den f\u00f6rut s\u00e5 labila dottern, har sv\u00e5rt att hitta tillbaka till att vara annat \u00e4n hemma. Pappan Anders vill helst bara fly, men kan inte sl\u00e4ppa taget om familjen och villan \u2013 eller sluta t\u00e4nka p\u00e5 det d\u00e4r st\u00f6rtregnet.<\/p>\n","protected":false},"excerpt":{"rendered":"Ett st\u00f6rtregn bryter ut i Danderyd och efter det blir ingenting sig likt. Eller? I sj\u00e4lva verket \u00e4r&hellip;\n","protected":false},"author":2,"featured_media":129111,"comment_status":"","ping_status":"","sticky":false,"template":"","format":"standard","meta":{"footnotes":""},"categories":[67],"tags":[104,34,31,33,32,30,105],"class_list":{"0":"post-129110","1":"post","2":"type-post","3":"status-publish","4":"format-standard","5":"has-post-thumbnail","7":"category-underhallning","8":"tag-entertainment","9":"tag-se","10":"tag-svenska","11":"tag-sverige","12":"tag-sweden","13":"tag-swedish","14":"tag-underhallning"},"share_on_mastodon":{"url":"https:\/\/pubeurope.com\/@se\/115857756145602366","error":""},"_links":{"self":[{"href":"https:\/\/www.europesays.com\/se\/wp-json\/wp\/v2\/posts\/129110","targetHints":{"allow":["GET"]}}],"collection":[{"href":"https:\/\/www.europesays.com\/se\/wp-json\/wp\/v2\/posts"}],"about":[{"href":"https:\/\/www.europesays.com\/se\/wp-json\/wp\/v2\/types\/post"}],"author":[{"embeddable":true,"href":"https:\/\/www.europesays.com\/se\/wp-json\/wp\/v2\/users\/2"}],"replies":[{"embeddable":true,"href":"https:\/\/www.europesays.com\/se\/wp-json\/wp\/v2\/comments?post=129110"}],"version-history":[{"count":0,"href":"https:\/\/www.europesays.com\/se\/wp-json\/wp\/v2\/posts\/129110\/revisions"}],"wp:featuredmedia":[{"embeddable":true,"href":"https:\/\/www.europesays.com\/se\/wp-json\/wp\/v2\/media\/129111"}],"wp:attachment":[{"href":"https:\/\/www.europesays.com\/se\/wp-json\/wp\/v2\/media?parent=129110"}],"wp:term":[{"taxonomy":"category","embeddable":true,"href":"https:\/\/www.europesays.com\/se\/wp-json\/wp\/v2\/categories?post=129110"},{"taxonomy":"post_tag","embeddable":true,"href":"https:\/\/www.europesays.com\/se\/wp-json\/wp\/v2\/tags?post=129110"}],"curies":[{"name":"wp","href":"https:\/\/api.w.org\/{rel}","templated":true}]}}