{"id":129112,"date":"2026-01-08T05:17:08","date_gmt":"2026-01-08T05:17:08","guid":{"rendered":"https:\/\/www.europesays.com\/se\/129112\/"},"modified":"2026-01-08T05:17:08","modified_gmt":"2026-01-08T05:17:08","slug":"cecilia-udden-skriver-med-pondus-och-odmjukhet-blekinge-lans-tidning","status":"publish","type":"post","link":"https:\/\/www.europesays.com\/se\/129112\/","title":{"rendered":"Cecilia Udd\u00e9n skriver med pondus \u2013 och \u00f6dmjukhet \u2013 Blekinge L\u00e4ns Tidning"},"content":{"rendered":"<p>\u201dDet finns inga oskyldiga i Gaza!\u201d. S\u00e5 s\u00e4ger journalisten Cecilia Udd\u00e9ns israeliska v\u00e4ninna den 8 oktober 2023, dagen efter Hamas brutala massaker. <\/p>\n<p>Detta \u00e4r en recension i Blekinge L\u00e4ns Tidning.En recension \u00e4r en kritikers bed\u00f6mning av ett konstn\u00e4rligt verk.<\/p>\n<p>Allt har en smak av aska<\/p>\n<p>\u2605\u2605\u2605\u2605\u2606<\/p>\n<p><strong>Genre: <\/strong>Reportage.<\/p>\n<p><strong>F\u00f6rfattare: <\/strong>Cecilia Udd\u00e9n.<\/p>\n<p><strong>F\u00f6rlag:<\/strong> Albert Bonniers.<\/p>\n<p>Allt Sveriges Radio ber\u00e4ttat om Mellan\u00f6stern kommer fr\u00e5n Cecilia Udd\u00e9n. Eller okej, kanske inte allt, men hon har varit s\u00e5 en tongivande journalist i decennier, att halva Sverige f\u00e5tt sin information genom hennes rapportering. Det \u00e4r en ansvarsfull roll hon har. <\/p>\n<p>Det k\u00e4nns som om Cecilia Udd\u00e9n har haft en reportagebok i sig l\u00e4nge. Men det \u00e4r nog inte s\u00e5 l\u00e4tt: F\u00f6r varje ber\u00e4ttelse hon v\u00e4ljer finns det andra, som ocks\u00e5 kan vara sanna och relevanta enligt journalistikens budord. H\u00e4r finns nu 16 texter. <\/p>\n<p>Hennes bok b\u00f6rjar i Gaza, med en utvikning till europeisk kulturell bildning \u2013 Cecilia Udd\u00e9n \u00e4r v\u00e4ldigt bel\u00e4st \u2013 i form av Paul Celans m\u00f6rka dikt D\u00f6dsfuga och Anselm Kiefers dystra m\u00e5lning som inspirerats av den. Sedan trampar hon gasen i botten och l\u00e4gger i backen, k\u00f6r oss tillbaka till 1983. Det \u00e4r som om l\u00e4saren sj\u00e4lv sitter i bilen med \u00f6kendammet yrande runt f\u00f6nstren, med sp\u00e4nningen dunkande i br\u00f6stet eftersom det trots allt \u00e4r lite l\u00e4skigt att lifta p\u00e5 v\u00e4gen mot Beirut n\u00e4r man \u00e4r nybliven journalist p\u00e5 22 \u00e5r, \u00e4ven om man har en kompis fr\u00e5n folkh\u00f6gskolan i Skurup med sig. <\/p>\n<p aria-disabled=\"true\" class=\"ad__preamble ad-text txt-style-muted txt-ui txt-ui--strong txt-ui-2\">Annons<\/p>\n<p aria-disabled=\"true\" class=\"ad__preamble ad-text txt-style-muted txt-ui txt-ui--strong txt-ui-2\">Annons<\/p>\n<p>Alla som n\u00e5gon g\u00e5ng f\u00f6rs\u00f6kt sig p\u00e5 att jobba utomlands vet hur sv\u00e5rt det kan vara. S\u00e4kert \u00e4r det s\u00e5 f\u00f6r m\u00e5nga yrkesgrupper, men inte minst f\u00f6r journalister. Jag har sj\u00e4lv gjort mina f\u00f6rs\u00f6k; allt tar tusen g\u00e5nger l\u00e4ngre tid, man f\u00f6rst\u00e5r inte vad folk s\u00e4ger eller hur man \u00e4r artig dit man kommer, det kan vara farligt att g\u00f6ra misstag. Dessutom: tvivlet. Man riskerar att fatta fel, att bli lurad eller bara missa det viktigaste. <\/p>\n<blockquote class=\"article__blockquote\">\n<p class=\"article__blockquote-text txt-headline txt-headline-3\">Det som v\u00e4cker mest respekt \u00e4r nog \u00e4nd\u00e5 det synliga dr\u00f6jande tvivlet i \u2019Allt har en smak av aska\u2019. Hon l\u00e5ter s\u00e4llan tv\u00e4rs\u00e4ker, snarare \u00f6dmjuk.<\/p>\n<\/blockquote>\n<p>Visst har Cecilia Udd\u00e9n pondus i sin framtoning, och decennierna som g\u00e5tt sedan 1983 har gett henne gedigna kunskaper som korrespondent och erfarenhetens lugn. Men det som v\u00e4cker mest respekt \u00e4r nog \u00e4nd\u00e5 det synliga dr\u00f6jande tvivlet i \u201dAllt har en smak av aska\u201d. Hon l\u00e5ter s\u00e4llan tv\u00e4rs\u00e4ker, snarare \u00f6dmjuk. Och hon bjuder p\u00e5 missar, som n\u00e4r hon klantade sig och inte hann fram i tid till den palestinske ledaren Yassir Arafats presskonferens. <\/p>\n<p>Cecilia Udd\u00e9ns starkaste ber\u00e4ttelser \u00e4r alltid de som kretsar kring vanliga m\u00e4nniskor. Hennes bok har undertiteln \u201dSkr\u00e4ddaren i Gaza och andra m\u00e4nniskor i en pl\u00e5gad region\u201d. Det blir faktiskt ocks\u00e5 hennes v\u00e4n skr\u00e4ddaren som r\u00e4ddar henne n\u00e4r hon missar presskonferensen med Arafat \u2013 hon intervjuar helt enkelt skr\u00e4ddaren Farouk om vad ledaren s\u00e4ger.<\/p>\n<p aria-disabled=\"true\" class=\"ad__preamble ad-text txt-style-muted txt-ui txt-ui--strong txt-ui-2\">Annons<\/p>\n<p>Radioreportage \u00e4r korta, oftast under tv\u00e5 minuter. Men Cecilia Udd\u00e9n beh\u00e4rskar skrivkonstens l\u00e4ngre format v\u00e4l, \u00e4ven om jag kanske inte delar hennes f\u00f6rtjusning i drastiska metaforer som att \u201davslitna fasader blottar bl\u00e5 mosaik som droppar som t\u00e5rar mot marken\u201d.<\/p>\n<p aria-disabled=\"true\" class=\"ad__preamble ad-text txt-style-muted txt-ui txt-ui--strong txt-ui-2\">Annons<\/p>\n<p>Efter Hamas attack mot israeliska judar den 7 oktober 2023 st\u00e4lldes allt i den redan pl\u00e5gade regionen p\u00e5 sin spets. Cecilia Udd\u00e9ns israeliska v\u00e4ninna var inte ensam om att tycka att det inte fanns n\u00e5gra oskyldiga i Gaza. Israels motattack var massiv, s\u00e5 h\u00e5rd att folkr\u00e4ttsexperter talat om folkmord. <\/p>\n<p>Bokens texter hj\u00e4lper l\u00e4saren att f\u00f6rst\u00e5 Israels historia, och hur det kan k\u00e4nnas att vara jude i en v\u00e4rld d\u00e4r judehatet vuxit p\u00e5 grund av kriget. Den ger ocks\u00e5 en djup och m\u00e5ngfacetterad bild av palestiniernas situation och lidande. Texterna \u00e4r starka. Hoppfull \u00e4r boken kanske inte \u2013 men jag klamrar mig fast vid raderna om f\u00f6rsoningsgrupper. F\u00f6r\u00e4ldrar som f\u00f6rlorat barn i kriget kan \u00e4nd\u00e5 sl\u00e4ppa h\u00e4mndtankar och s\u00e4ga som mamman Robi: \u201dNi d\u00f6dar ingen i min sons namn.\u201d <\/p>\n<p><img decoding=\"async\" width=\"640\" height=\"948\" class=\"article-image article-image--unbound\" alt=\"\" src=\"https:\/\/www.europesays.com\/se\/wp-content\/uploads\/2026\/01\/fa82273e-8a5d-451f-994c-3391a456ccdd.jpeg\"   loading=\"lazy\"\/><a class=\"article__lightbox-link\" href=\"https:\/\/static.bonniernews.se\/ba\/fa82273e-8a5d-451f-994c-3391a456ccdd.jpeg?width=1400&amp;format=pjpg&amp;auto=avif\" data-pswp-width=\"1400\" data-pswp-height=\"2073\" data-pswp-caption=\"\" data-pswp- rel=\"nofollow noopener\" target=\"_blank\">\u00d6ppna bild i helsk\u00e4rmsl\u00e4ge<\/a><img decoding=\"async\" width=\"640\" height=\"427\" class=\"article-image article-image--unbound\" alt=\"Cecilia Udd\u00e9n .\" src=\"https:\/\/www.europesays.com\/se\/wp-content\/uploads\/2026\/01\/a1949b07-bbae-4ce7-92d9-a95e068705ec.jpeg\"   loading=\"lazy\"\/><a class=\"article__lightbox-link\" href=\"https:\/\/static.bonniernews.se\/ba\/a1949b07-bbae-4ce7-92d9-a95e068705ec.jpeg?width=1400&amp;format=pjpg&amp;auto=avif\" data-pswp-width=\"1400\" data-pswp-height=\"933\" data-pswp-caption=\"Cecilia Udd\u00e9n . Bild: Thron Ullberg\" data-pswp- rel=\"nofollow noopener\" target=\"_blank\">\u00d6ppna bild i helsk\u00e4rmsl\u00e4ge<\/a><\/p>\n<p class=\"txt-style-muted\" aria-hidden=\"true\">Cecilia Udd\u00e9n .<\/p>\n<p class=\"article__figcaption-attribution txt-style-muted\">Bild: Thron Ullberg<\/p>\n","protected":false},"excerpt":{"rendered":"\u201dDet finns inga oskyldiga i Gaza!\u201d. S\u00e5 s\u00e4ger journalisten Cecilia Udd\u00e9ns israeliska v\u00e4ninna den 8 oktober 2023, dagen&hellip;\n","protected":false},"author":2,"featured_media":129113,"comment_status":"","ping_status":"","sticky":false,"template":"","format":"standard","meta":{"footnotes":""},"categories":[67],"tags":[104,34,31,33,32,30,105],"class_list":{"0":"post-129112","1":"post","2":"type-post","3":"status-publish","4":"format-standard","5":"has-post-thumbnail","7":"category-underhallning","8":"tag-entertainment","9":"tag-se","10":"tag-svenska","11":"tag-sverige","12":"tag-sweden","13":"tag-swedish","14":"tag-underhallning"},"share_on_mastodon":{"url":"https:\/\/pubeurope.com\/@se\/115857787728517635","error":""},"_links":{"self":[{"href":"https:\/\/www.europesays.com\/se\/wp-json\/wp\/v2\/posts\/129112","targetHints":{"allow":["GET"]}}],"collection":[{"href":"https:\/\/www.europesays.com\/se\/wp-json\/wp\/v2\/posts"}],"about":[{"href":"https:\/\/www.europesays.com\/se\/wp-json\/wp\/v2\/types\/post"}],"author":[{"embeddable":true,"href":"https:\/\/www.europesays.com\/se\/wp-json\/wp\/v2\/users\/2"}],"replies":[{"embeddable":true,"href":"https:\/\/www.europesays.com\/se\/wp-json\/wp\/v2\/comments?post=129112"}],"version-history":[{"count":0,"href":"https:\/\/www.europesays.com\/se\/wp-json\/wp\/v2\/posts\/129112\/revisions"}],"wp:featuredmedia":[{"embeddable":true,"href":"https:\/\/www.europesays.com\/se\/wp-json\/wp\/v2\/media\/129113"}],"wp:attachment":[{"href":"https:\/\/www.europesays.com\/se\/wp-json\/wp\/v2\/media?parent=129112"}],"wp:term":[{"taxonomy":"category","embeddable":true,"href":"https:\/\/www.europesays.com\/se\/wp-json\/wp\/v2\/categories?post=129112"},{"taxonomy":"post_tag","embeddable":true,"href":"https:\/\/www.europesays.com\/se\/wp-json\/wp\/v2\/tags?post=129112"}],"curies":[{"name":"wp","href":"https:\/\/api.w.org\/{rel}","templated":true}]}}