{"id":129114,"date":"2026-01-08T05:19:18","date_gmt":"2026-01-08T05:19:18","guid":{"rendered":"https:\/\/www.europesays.com\/se\/129114\/"},"modified":"2026-01-08T05:19:18","modified_gmt":"2026-01-08T05:19:18","slug":"lokala-foretag-stams-pa-jattesumma-i-serneke-konkursen-boras-tidning","status":"publish","type":"post","link":"https:\/\/www.europesays.com\/se\/129114\/","title":{"rendered":"Lokala f\u00f6retag st\u00e4ms p\u00e5 j\u00e4ttesumma i Serneke-konkursen \u2013 Bor\u00e5s Tidning"},"content":{"rendered":"<p>\u00c5tta f\u00f6retag st\u00e4ms vid Bor\u00e5s tingsr\u00e4tt p\u00e5 n\u00e4rmare 100 miljoner kronor.<\/p>\n<p>Det \u00e4r betalning f\u00f6r utf\u00f6rt arbete som Serneke Sveriges konkursbo nu vill ha tillbaka.<\/p>\n<p>F\u00f6r vissa underleverant\u00f6rer hotar upps\u00e4gningar och konkurs och nu mullrar det i leden.<\/p>\n<p><img loading=\"lazy\" decoding=\"async\" width=\"980\" height=\"551\" class=\"article-image article-image--featured\" alt=\"Bygget av parkeringshuset Makrillen i Bor\u00e5s pausades n\u00e4r Serneke f\u00f6rsattes i konkurs f\u00f6r ett \u00e5r sedan.\" src=\"https:\/\/www.europesays.com\/se\/wp-content\/uploads\/2026\/01\/99fe40d2-6c58-4dfc-a616-08f3aec9ecb9.jpeg\"  \/><a class=\"article__lightbox-link\" href=\"https:\/\/static.bonniernews.se\/ba\/99fe40d2-6c58-4dfc-a616-08f3aec9ecb9.jpeg?crop=6000%2C3375%2Cx0%2Cy313&amp;width=1400&amp;format=pjpg&amp;auto=avif\" data-pswp-width=\"1400\" data-pswp-height=\"788\" data-pswp-caption=\"Bygget av parkeringshuset Makrillen i Bor\u00e5s pausades n\u00e4r Serneke f\u00f6rsattes i konkurs f\u00f6r ett \u00e5r sedan. Bild: Johan Valkonen\" data-pswp- rel=\"nofollow noopener\" target=\"_blank\">\u00d6ppna bild i helsk\u00e4rmsl\u00e4ge<\/a><\/p>\n<p class=\"txt-style-muted\" aria-hidden=\"true\">Bygget av parkeringshuset Makrillen i Bor\u00e5s pausades n\u00e4r Serneke f\u00f6rsattes i konkurs f\u00f6r ett \u00e5r sedan.<\/p>\n<p class=\"article__figcaption-attribution txt-style-muted\">Bild: Johan Valkonen<\/p>\n<p>P\u00e5 onsdagen gick tidsfristen ut f\u00f6r Sernekes konkursbo att st\u00e4mma f\u00f6r \u00e5tervinning. D\u00e5 hade ett \u00e5r g\u00e5tt sedan byggj\u00e4tten f\u00f6rsattes i konkurs.<\/p>\n<p>Tekniskt fel<\/p>\n<p class=\"message__text txt-ui txt-ui-2\">V\u00e4nligen f\u00f6rs\u00f6k igen senare.<\/p>\n<p>Den h\u00e4r artikeln \u00e4r bara f\u00f6r prenumeranter<\/p>\n<p class=\"txt-body txt-body-1\">Om du redan \u00e4r prenumerant: logga in!<\/p>\n","protected":false},"excerpt":{"rendered":"\u00c5tta f\u00f6retag st\u00e4ms vid Bor\u00e5s tingsr\u00e4tt p\u00e5 n\u00e4rmare 100 miljoner kronor. Det \u00e4r betalning f\u00f6r utf\u00f6rt arbete som&hellip;\n","protected":false},"author":2,"featured_media":129115,"comment_status":"","ping_status":"","sticky":false,"template":"","format":"standard","meta":{"footnotes":""},"categories":[65],"tags":[72,70,71,34,31,33,32,30],"class_list":{"0":"post-129114","1":"post","2":"type-post","3":"status-publish","4":"format-standard","5":"has-post-thumbnail","7":"category-ekonomi","8":"tag-business","9":"tag-economy","10":"tag-ekonomi","11":"tag-se","12":"tag-svenska","13":"tag-sverige","14":"tag-sweden","15":"tag-swedish"},"share_on_mastodon":{"url":"https:\/\/pubeurope.com\/@se\/115857795475289616","error":""},"_links":{"self":[{"href":"https:\/\/www.europesays.com\/se\/wp-json\/wp\/v2\/posts\/129114","targetHints":{"allow":["GET"]}}],"collection":[{"href":"https:\/\/www.europesays.com\/se\/wp-json\/wp\/v2\/posts"}],"about":[{"href":"https:\/\/www.europesays.com\/se\/wp-json\/wp\/v2\/types\/post"}],"author":[{"embeddable":true,"href":"https:\/\/www.europesays.com\/se\/wp-json\/wp\/v2\/users\/2"}],"replies":[{"embeddable":true,"href":"https:\/\/www.europesays.com\/se\/wp-json\/wp\/v2\/comments?post=129114"}],"version-history":[{"count":0,"href":"https:\/\/www.europesays.com\/se\/wp-json\/wp\/v2\/posts\/129114\/revisions"}],"wp:featuredmedia":[{"embeddable":true,"href":"https:\/\/www.europesays.com\/se\/wp-json\/wp\/v2\/media\/129115"}],"wp:attachment":[{"href":"https:\/\/www.europesays.com\/se\/wp-json\/wp\/v2\/media?parent=129114"}],"wp:term":[{"taxonomy":"category","embeddable":true,"href":"https:\/\/www.europesays.com\/se\/wp-json\/wp\/v2\/categories?post=129114"},{"taxonomy":"post_tag","embeddable":true,"href":"https:\/\/www.europesays.com\/se\/wp-json\/wp\/v2\/tags?post=129114"}],"curies":[{"name":"wp","href":"https:\/\/api.w.org\/{rel}","templated":true}]}}