{"id":129122,"date":"2026-01-08T05:27:24","date_gmt":"2026-01-08T05:27:24","guid":{"rendered":"https:\/\/www.europesays.com\/se\/129122\/"},"modified":"2026-01-08T05:27:24","modified_gmt":"2026-01-08T05:27:24","slug":"affarsvarlden-ger-koprad-for-dynavox","status":"publish","type":"post","link":"https:\/\/www.europesays.com\/se\/129122\/","title":{"rendered":"Aff\u00e4rsv\u00e4rlden ger k\u00f6pr\u00e5d f\u00f6r Dynavox"},"content":{"rendered":"<p>&#13;<br \/>\n                        Dynavox som s\u00e4ljer kommunikationshj\u00e4lpmedel har uppvisat stark tillv\u00e4xt senaste \u00e5ren. Marknadspenetrationen \u00e4r dock fortsatt l\u00e5g och tillv\u00e4xtm\u00f6jligheterna goda, bed\u00f6mer tidningen. Aktien har kommit ned en del sedan toppniv\u00e5erna i somras.<\/p>\n<p>Tidningen ser i sitt huvudscenario p\u00e5 ett par \u00e5rs sikt en potential p\u00e5 31 procent i aktien. <\/p>\n<p>&#8221;F\u00f6r investerare som s\u00f6ker tillv\u00e4xtbolag kan Dynavox vara ett alternativ. Det g\u00e4ller dock att sm\u00e4lta v\u00e4rderingen och v\u00e5ga vara l\u00e5ngsiktig. Samtidigt v\u00e4ntas vinsttillv\u00e4xten vara god kommande \u00e5r, vilket kan vara en v\u00e4rdedrivare kortsiktigt&#8221;, skriver Aff\u00e4rsv\u00e4rlden och ger k\u00f6pr\u00e5d.&#13;\n                    <\/p>\n","protected":false},"excerpt":{"rendered":"&#13; Dynavox som s\u00e4ljer kommunikationshj\u00e4lpmedel har uppvisat stark tillv\u00e4xt senaste \u00e5ren. Marknadspenetrationen \u00e4r dock fortsatt l\u00e5g och tillv\u00e4xtm\u00f6jligheterna&hellip;\n","protected":false},"author":2,"featured_media":129123,"comment_status":"","ping_status":"","sticky":false,"template":"","format":"standard","meta":{"footnotes":""},"categories":[65],"tags":[72,70,71,454,453,451,452,34,31,33,32,30,455],"class_list":{"0":"post-129122","1":"post","2":"type-post","3":"status-publish","4":"format-standard","5":"has-post-thumbnail","7":"category-ekonomi","8":"tag-business","9":"tag-economy","10":"tag-ekonomi","11":"tag-ekonomisk-analys","12":"tag-finans","13":"tag-finansiella-nyheter","14":"tag-investera","15":"tag-se","16":"tag-svenska","17":"tag-sverige","18":"tag-sweden","19":"tag-swedish","20":"tag-trading"},"share_on_mastodon":{"url":"https:\/\/pubeurope.com\/@se\/115857826928566839","error":""},"_links":{"self":[{"href":"https:\/\/www.europesays.com\/se\/wp-json\/wp\/v2\/posts\/129122","targetHints":{"allow":["GET"]}}],"collection":[{"href":"https:\/\/www.europesays.com\/se\/wp-json\/wp\/v2\/posts"}],"about":[{"href":"https:\/\/www.europesays.com\/se\/wp-json\/wp\/v2\/types\/post"}],"author":[{"embeddable":true,"href":"https:\/\/www.europesays.com\/se\/wp-json\/wp\/v2\/users\/2"}],"replies":[{"embeddable":true,"href":"https:\/\/www.europesays.com\/se\/wp-json\/wp\/v2\/comments?post=129122"}],"version-history":[{"count":0,"href":"https:\/\/www.europesays.com\/se\/wp-json\/wp\/v2\/posts\/129122\/revisions"}],"wp:featuredmedia":[{"embeddable":true,"href":"https:\/\/www.europesays.com\/se\/wp-json\/wp\/v2\/media\/129123"}],"wp:attachment":[{"href":"https:\/\/www.europesays.com\/se\/wp-json\/wp\/v2\/media?parent=129122"}],"wp:term":[{"taxonomy":"category","embeddable":true,"href":"https:\/\/www.europesays.com\/se\/wp-json\/wp\/v2\/categories?post=129122"},{"taxonomy":"post_tag","embeddable":true,"href":"https:\/\/www.europesays.com\/se\/wp-json\/wp\/v2\/tags?post=129122"}],"curies":[{"name":"wp","href":"https:\/\/api.w.org\/{rel}","templated":true}]}}