{"id":129132,"date":"2026-01-08T05:39:14","date_gmt":"2026-01-08T05:39:14","guid":{"rendered":"https:\/\/www.europesays.com\/se\/129132\/"},"modified":"2026-01-08T05:39:14","modified_gmt":"2026-01-08T05:39:14","slug":"bergmark-wiberg-ville-inte-vara-en-del-av-det-langsiktigt-sydkorea","status":"publish","type":"post","link":"https:\/\/www.europesays.com\/se\/129132\/","title":{"rendered":"Bergmark Wiberg: &#8221;Ville inte vara en del av det l\u00e5ngsiktigt&#8221; &#8211; Sydkorea"},"content":{"rendered":"<p>Det blev bara ett \u00e5r i Chungnam Asan f\u00f6r Adam Bergmark Wiberg. Den 28-\u00e5rige forwarden, som spelat f\u00f6r T\u00e4by, Gefle, Djurg\u00e5rden, \u00d6rgryte, Falkenberg och \u00d6ster, l\u00e4mnade den sydkoreanska klubben vid \u00e5rsslutet.<\/p>\n<p>Bergmark Wiberg hade ett options\u00e5r i kontraktet som Chungnam ville utnyttja, men han tog beslutet att l\u00e4mna.<\/p>\n<p>&#8211; Jag k\u00e4nde v\u00e4l inte att det var helt hundra d\u00e4r borta. Det har inget med det geografiska l\u00e4get att g\u00f6ra, men med klubben och hur allt fungerade. Jag \u00e4r inte den som kommer att prata illa om klubben jag varit i, men jag f\u00f6rv\u00e4ntade mig v\u00e4l kanske lite mer \u00e4n hur det faktiskt var. Det var ett slitsamt \u00e5r och jag k\u00e4nner att jag ville hitta n\u00e5got nytt, s\u00e4ger &#8221;ABW&#8221; till Fotbollskanalen.<\/p>\n<p>Det var \u00e4ven ett tufft \u00e5r p\u00e5 det personliga planet.<\/p>\n<p>&#8211; Min far gick bort tidigt p\u00e5 s\u00e4songen och det pr\u00e4glade hela \u00e5ret egentligen. Han har st\u00f6ttat mig och han \u00e4r en stor anledning till att jag \u00e4r den jag \u00e4r i dag. Han har alltid varit d\u00e4r med smarta r\u00e5d. Det blev en uppf\u00f6rsbacke och b\u00f6rjan till att jag k\u00e4nde att det var ett k\u00e4mpigt \u00e5r. Sen var det en besvikelse sportsligt ocks\u00e5, s\u00e4ger han och forts\u00e4tter:<\/p>\n<p>&#8211; Jag hade mycket st\u00f6rre f\u00f6rv\u00e4ntningar p\u00e5 klubben jag spelade i, hur saker och ting sk\u00f6ttes. Jag k\u00e4nde att det h\u00e4r inte \u00e4r n\u00e5got jag vill vara en del av l\u00e5ngsiktigt. Jag kan hamna i b\u00e4ttre milj\u00f6er.<\/p>\n<p>Bergmark Wiberg ber\u00e4ttar vidare att klubben bytte tr\u00e4nare flera g\u00e5nger under s\u00e4songen, samt att det var ganska stor ruljangs i spelartruppen. Att det var andraligan, och inte f\u00f6rstaligan, spelade ocks\u00e5 in i upplevelsen &#8211; liksom kulturkrocken.<\/p>\n<p>&#8211; Jag har pratat med andra svenskar som spelat i Korea, men den koreanska andraligan j\u00e4mf\u00f6rt med f\u00f6rstaligan skiljer sig nog ganska mycket \u00e5t. Sen var det en omst\u00e4llning med allt det kulturella, att jag beh\u00f6vde anv\u00e4nda mig av tolk hela tiden, \u00e4ven om det kanske inte var det st\u00f6rsta problemet. Det var m\u00e5nga saker som spelade in i att jag inte ville vara en del av det h\u00e4r l\u00e5ngsiktigt.<\/p>\n<p><strong>Vill du utveckla?<br \/><\/strong>&#8211; Det var allt fr\u00e5n f\u00f6ruts\u00e4ttningar, faciliteter, hur saker och ting funkar. Det var r\u00f6rigt p\u00e5 m\u00e5nga plan. Tr\u00e4nare fick sparken hit och dit och kom tillbaka. Det var sv\u00e5rt att fokusera p\u00e5 fotbollen med s\u00e5 mycket som h\u00e4nde runt omkring. Men landet var fantastiskt och m\u00e4nniskorna otroligt sn\u00e4lla.<\/p>\n<p>Nu \u00e4r framtiden ett oskrivet blad, \u00e4ven om han <a href=\"https:\/\/www.fotbollskanalen.se\/bloggar\/sillybloggen\/bergmark-wiberg-perez-och-lohake-tranar-med-oster\" rel=\"nofollow noopener\" target=\"_blank\">tr\u00e4nar med sin f\u00f6rra klubb \u00d6sters IF<\/a> tillsvidare. <\/p>\n<p>&#8211; Jag \u00e4r j\u00e4ttesugen p\u00e5 att spela fotboll och k\u00e4nner mig i j\u00e4ttebra form. Nu letar jag efter min n\u00e4sta destination, om det blir Sverige eller utlandet f\u00e5r vi se. Det finns mycket intressen, men jag k\u00e4nner att jag m\u00e5ste v\u00e4lja noggrant s\u00e5 jag inte hamnar i den situationen som jag gjorde i fjol. <\/p>\n<p><strong>\u00c5ngrar du i efterhand att du inte l\u00e4ste p\u00e5 mer inf\u00f6r flytten till Sydkorea?<br \/><\/strong>&#8211;  Man tycker att man g\u00f6r tillr\u00e4ckligt mycket research, men med facit i hand gjorde jag v\u00e4l inte det. Det \u00e4r n\u00e5got jag kommer ta med mig om jag skulle g\u00f6ra en flytt till en lite mer ok\u00e4nd destination i framtiden. D\u00e5 f\u00e5r man l\u00e4sa p\u00e5 extremt mycket. <\/p>\n<p>Strikern betonar samtidigt att han \u00e4r \u00f6ppen f\u00f6r en \u00e5terkomst till Sydkorea. Om han v\u00e4nder hem till Sverige eller forts\u00e4tter utomlands \u00e5terst\u00e5r helt enkelt att se.<\/p>\n<p>&#8211; Nu har jag testat p\u00e5 spelet utomlands och det vore j\u00e4ttekul att testa p\u00e5 en ny utlandsklubb. Men om en m\u00f6jlighet dyker upp i Sverige som passar mig v\u00e4ldigt bra sportsligt, och jag k\u00e4nner att det \u00e4r n\u00e5got f\u00f6r mig, kan jag g\u00e5 den v\u00e4gen, s\u00e4ger Bergmark Wiberg och l\u00e4gger till:<\/p>\n<p>&#8211; Det finns alternativ p\u00e5 bordet. Jag kommer inte sitta till sista dagen (av f\u00f6nstret), d\u00e5 f\u00f6rsvinner n\u00e5gra alternativ, men det handlar om bra tajming och att ha is i magen.<\/p>\n<p><strong>N\u00e4r vill du ha klart med en ny klubb?<br \/><\/strong>&#8211; Att hitta en l\u00f6sning s\u00e5 fort som m\u00f6jligt \u00e4r i allas intressen. Sen ska det vara ett bra beslut d\u00e4r jag k\u00e4nner mig p\u00e5l\u00e4st, men det vore f\u00f6rdelaktigt att hitta n\u00e5got i b\u00f6rjan p\u00e5 februari.<\/p>\n","protected":false},"excerpt":{"rendered":"Det blev bara ett \u00e5r i Chungnam Asan f\u00f6r Adam Bergmark Wiberg. Den 28-\u00e5rige forwarden, som spelat f\u00f6r&hellip;\n","protected":false},"author":2,"featured_media":129133,"comment_status":"","ping_status":"","sticky":false,"template":"","format":"standard","meta":{"footnotes":""},"categories":[5],"tags":[22,23,26,27,17,21,24,25,28,29,15,16,18,34,31,33,32,30,19,20],"class_list":{"0":"post-129132","1":"post","2":"type-post","3":"status-publish","4":"format-standard","5":"has-post-thumbnail","7":"category-rubriker","8":"tag-breaking-news","9":"tag-breakingnews","10":"tag-featured-news","11":"tag-featurednews","12":"tag-headlines","13":"tag-huvudnyheter","14":"tag-latest-news","15":"tag-latestnews","16":"tag-main-news","17":"tag-mainnews","18":"tag-news","19":"tag-nyheter","20":"tag-rubriker","21":"tag-se","22":"tag-svenska","23":"tag-sverige","24":"tag-sweden","25":"tag-swedish","26":"tag-top-stories","27":"tag-topstories"},"share_on_mastodon":{"url":"https:\/\/pubeurope.com\/@se\/115857874155037496","error":""},"_links":{"self":[{"href":"https:\/\/www.europesays.com\/se\/wp-json\/wp\/v2\/posts\/129132","targetHints":{"allow":["GET"]}}],"collection":[{"href":"https:\/\/www.europesays.com\/se\/wp-json\/wp\/v2\/posts"}],"about":[{"href":"https:\/\/www.europesays.com\/se\/wp-json\/wp\/v2\/types\/post"}],"author":[{"embeddable":true,"href":"https:\/\/www.europesays.com\/se\/wp-json\/wp\/v2\/users\/2"}],"replies":[{"embeddable":true,"href":"https:\/\/www.europesays.com\/se\/wp-json\/wp\/v2\/comments?post=129132"}],"version-history":[{"count":0,"href":"https:\/\/www.europesays.com\/se\/wp-json\/wp\/v2\/posts\/129132\/revisions"}],"wp:featuredmedia":[{"embeddable":true,"href":"https:\/\/www.europesays.com\/se\/wp-json\/wp\/v2\/media\/129133"}],"wp:attachment":[{"href":"https:\/\/www.europesays.com\/se\/wp-json\/wp\/v2\/media?parent=129132"}],"wp:term":[{"taxonomy":"category","embeddable":true,"href":"https:\/\/www.europesays.com\/se\/wp-json\/wp\/v2\/categories?post=129132"},{"taxonomy":"post_tag","embeddable":true,"href":"https:\/\/www.europesays.com\/se\/wp-json\/wp\/v2\/tags?post=129132"}],"curies":[{"name":"wp","href":"https:\/\/api.w.org\/{rel}","templated":true}]}}