{"id":129177,"date":"2026-01-08T06:30:07","date_gmt":"2026-01-08T06:30:07","guid":{"rendered":"https:\/\/www.europesays.com\/se\/129177\/"},"modified":"2026-01-08T06:30:07","modified_gmt":"2026-01-08T06:30:07","slug":"ann-heberlein-blir-nykolumnist-i-expressen-sverige","status":"publish","type":"post","link":"https:\/\/www.europesays.com\/se\/129177\/","title":{"rendered":"Ann Heberlein blir ny\nkolumnist i Expressen | Sverige"},"content":{"rendered":"<p>Publicerad 8 jan 2026 kl 07.12<\/p>\n<p>F\u00f6rfattaren Ann Heberlein \u00e4r ny kolumnist i Expressen.<\/p>\n<p>\u2013 Jag \u00e4r mycket glad, f\u00f6rv\u00e4ntansfull och hedrad inf\u00f6r uppgiften, s\u00e4ger hon.<\/p>\n<p><img   alt=\"\"\/><\/p>\n<p>Ann Heberlein kommer att skriva kolumner varje vecka.<\/p>\n<p>Foto: MATHILDA SCHULER \/ BILDBYR\u00c5N<\/p>\n<p>\u00d6ppna bild i helsk\u00e4rm<\/p>\n<p><a href=\"https:\/\/www.expressen.se\/tagg\/person\/ann-heberlein\/\" class=\"\" rel=\"nofollow noopener\" target=\"_blank\">Ann Heberlein<\/a>, 55, \u00e5terv\u00e4nder till Expressen, d\u00e4r hon f\u00f6r 15 \u00e5r sedan var kulturskribent.<\/p>\n<p>Nu blir hon tidningens nya kolumnist.<\/p>\n<p>\u2013 Ann Heberlein tillh\u00f6r den skara av skribenter i Sverige som man alltid vill och m\u00e5ste l\u00e4sa. Hon har djup, livserfarenhet och en omedelbar stilistik, s\u00e4ger Karin Olsson, bitr\u00e4dande chefredakt\u00f6r.<\/p>\n<p>Ann Heberlein \u00e4r doktor i etik, och en av Sveriges mest v\u00e4lk\u00e4nda r\u00f6ster i samh\u00e4llsdebatten. Hon har skrivit en l\u00e5ng rad b\u00f6cker, och den sj\u00e4lvbiografiska skildringen \u201dJag vill inte d\u00f6, jag vill bara inte leva\u201d (2008) har blivit en modern klassiker som st\u00e4ndigt hittar nya l\u00e4sare.<\/p>\n<p>Ann Heberlein kommer att skriva kolumner i Expressen varje vecka.<\/p>\n<p>\u2013 Att vara kolumnist \u00e4r det finaste uppdrag en skribent kan f\u00e5: att f\u00e5 bidra med personliga perspektiv och subjektiva tolkningar p\u00e5 samtida f\u00f6reteelser, id\u00e9er och h\u00e4ndelser, i Sveriges piggaste tidning dessutom, \u00e4r en dr\u00f6m!, s\u00e4ger hon.<\/p>\n","protected":false},"excerpt":{"rendered":"Publicerad 8 jan 2026 kl 07.12 F\u00f6rfattaren Ann Heberlein \u00e4r ny kolumnist i Expressen. \u2013 Jag \u00e4r mycket&hellip;\n","protected":false},"author":2,"featured_media":129178,"comment_status":"","ping_status":"","sticky":false,"template":"","format":"standard","meta":{"footnotes":""},"categories":[67],"tags":[104,3796,34,154,31,33,32,30,105],"class_list":{"0":"post-129177","1":"post","2":"type-post","3":"status-publish","4":"format-standard","5":"has-post-thumbnail","7":"category-underhallning","8":"tag-entertainment","9":"tag-person-ann-heberlein","10":"tag-se","11":"tag-sections-sverige","12":"tag-svenska","13":"tag-sverige","14":"tag-sweden","15":"tag-swedish","16":"tag-underhallning"},"share_on_mastodon":{"url":"https:\/\/pubeurope.com\/@se\/115858074647447405","error":""},"_links":{"self":[{"href":"https:\/\/www.europesays.com\/se\/wp-json\/wp\/v2\/posts\/129177","targetHints":{"allow":["GET"]}}],"collection":[{"href":"https:\/\/www.europesays.com\/se\/wp-json\/wp\/v2\/posts"}],"about":[{"href":"https:\/\/www.europesays.com\/se\/wp-json\/wp\/v2\/types\/post"}],"author":[{"embeddable":true,"href":"https:\/\/www.europesays.com\/se\/wp-json\/wp\/v2\/users\/2"}],"replies":[{"embeddable":true,"href":"https:\/\/www.europesays.com\/se\/wp-json\/wp\/v2\/comments?post=129177"}],"version-history":[{"count":0,"href":"https:\/\/www.europesays.com\/se\/wp-json\/wp\/v2\/posts\/129177\/revisions"}],"wp:featuredmedia":[{"embeddable":true,"href":"https:\/\/www.europesays.com\/se\/wp-json\/wp\/v2\/media\/129178"}],"wp:attachment":[{"href":"https:\/\/www.europesays.com\/se\/wp-json\/wp\/v2\/media?parent=129177"}],"wp:term":[{"taxonomy":"category","embeddable":true,"href":"https:\/\/www.europesays.com\/se\/wp-json\/wp\/v2\/categories?post=129177"},{"taxonomy":"post_tag","embeddable":true,"href":"https:\/\/www.europesays.com\/se\/wp-json\/wp\/v2\/tags?post=129177"}],"curies":[{"name":"wp","href":"https:\/\/api.w.org\/{rel}","templated":true}]}}