{"id":129198,"date":"2026-01-08T06:57:08","date_gmt":"2026-01-08T06:57:08","guid":{"rendered":"https:\/\/www.europesays.com\/se\/129198\/"},"modified":"2026-01-08T06:57:08","modified_gmt":"2026-01-08T06:57:08","slug":"nedgang-vantas-pa-stockholmsborsen-2","status":"publish","type":"post","link":"https:\/\/www.europesays.com\/se\/129198\/","title":{"rendered":"Nedg\u00e5ng v\u00e4ntas p\u00e5 Stockholmsb\u00f6rsen"},"content":{"rendered":"<p>share-arrowDela<\/p>\n<p>unsaveSpara<\/p>\n<p>expand-left<\/p>\n<p>helsk\u00e4rm<img decoding=\"async\" class=\"image-asset hyperion-css-u06ts1\" data-test-tag=\"image-asset\" src=\"https:\/\/www.europesays.com\/se\/wp-content\/uploads\/2026\/01\/d5834568-dc4e-4d7a-876c-bce2a0db3818.jpeg\"  alt=\"Stockholmsb\u00f6rsen Nasdaqs kontor i centrala Stockholm.\"  loading=\"eager\" fetchpriority=\"high\" style=\"aspect-ratio:1900 \/ 1266\"\/>Stockholmsb\u00f6rsen Nasdaqs kontor i centrala Stockholm. Foto: Pontus Lundahl\/TT<\/p>\n<p class=\"hyperion-css-1shl3oz\" data-test-tag=\"lead-text\">Stockholmsb\u00f6rsen v\u00e4ntas v\u00e4nda ned efter g\u00e5rdagens lyft till rekordniv\u00e5er. Vid sjutiden pekar den tidiga handeln p\u00e5 IG Markets mot en b\u00f6rs\u00f6ppning strax under nollan.<\/p>\n<p class=\"hyperion-css-1v9qo5x\">\u00c4ven p\u00e5 kontinenten pekar terminerna mestadels ned\u00e5t d\u00e4r storbolagsindexet Euro stoxx 20 backar 0,2 procent i f\u00f6rhandeln.<\/p>\n<p class=\"hyperion-css-1v9qo5x\">Under morgontimmarna har det mestadels varit nedg\u00e5ngar p\u00e5 de asiatiska b\u00f6rserna efter en blandad st\u00e4ngning p\u00e5 Wall Street i g\u00e5r.<\/p>\n<p class=\"hyperion-css-1v9qo5x\">Senare under morgonen sl\u00e4pper SCB prelimin\u00e4ra inflationssiffror f\u00f6r december.<\/p>\n","protected":false},"excerpt":{"rendered":"share-arrowDela unsaveSpara expand-left helsk\u00e4rmStockholmsb\u00f6rsen Nasdaqs kontor i centrala Stockholm. Foto: Pontus Lundahl\/TT Stockholmsb\u00f6rsen v\u00e4ntas v\u00e4nda ned efter g\u00e5rdagens&hellip;\n","protected":false},"author":2,"featured_media":129199,"comment_status":"","ping_status":"","sticky":false,"template":"","format":"standard","meta":{"footnotes":""},"categories":[65],"tags":[72,70,71,34,31,33,32,30],"class_list":{"0":"post-129198","1":"post","2":"type-post","3":"status-publish","4":"format-standard","5":"has-post-thumbnail","7":"category-ekonomi","8":"tag-business","9":"tag-economy","10":"tag-ekonomi","11":"tag-se","12":"tag-svenska","13":"tag-sverige","14":"tag-sweden","15":"tag-swedish"},"share_on_mastodon":{"url":"https:\/\/pubeurope.com\/@se\/115858180821889680","error":""},"_links":{"self":[{"href":"https:\/\/www.europesays.com\/se\/wp-json\/wp\/v2\/posts\/129198","targetHints":{"allow":["GET"]}}],"collection":[{"href":"https:\/\/www.europesays.com\/se\/wp-json\/wp\/v2\/posts"}],"about":[{"href":"https:\/\/www.europesays.com\/se\/wp-json\/wp\/v2\/types\/post"}],"author":[{"embeddable":true,"href":"https:\/\/www.europesays.com\/se\/wp-json\/wp\/v2\/users\/2"}],"replies":[{"embeddable":true,"href":"https:\/\/www.europesays.com\/se\/wp-json\/wp\/v2\/comments?post=129198"}],"version-history":[{"count":0,"href":"https:\/\/www.europesays.com\/se\/wp-json\/wp\/v2\/posts\/129198\/revisions"}],"wp:featuredmedia":[{"embeddable":true,"href":"https:\/\/www.europesays.com\/se\/wp-json\/wp\/v2\/media\/129199"}],"wp:attachment":[{"href":"https:\/\/www.europesays.com\/se\/wp-json\/wp\/v2\/media?parent=129198"}],"wp:term":[{"taxonomy":"category","embeddable":true,"href":"https:\/\/www.europesays.com\/se\/wp-json\/wp\/v2\/categories?post=129198"},{"taxonomy":"post_tag","embeddable":true,"href":"https:\/\/www.europesays.com\/se\/wp-json\/wp\/v2\/tags?post=129198"}],"curies":[{"name":"wp","href":"https:\/\/api.w.org\/{rel}","templated":true}]}}