{"id":129210,"date":"2026-01-08T07:11:07","date_gmt":"2026-01-08T07:11:07","guid":{"rendered":"https:\/\/www.europesays.com\/se\/129210\/"},"modified":"2026-01-08T07:11:07","modified_gmt":"2026-01-08T07:11:07","slug":"reiners-sista-timmar-skickade-mejl-till-livstidsdomd-noje","status":"publish","type":"post","link":"https:\/\/www.europesays.com\/se\/129210\/","title":{"rendered":"Reiners sista timmar \u2013 skickade mejl till livstidsd\u00f6md | N\u00f6je"},"content":{"rendered":"<p>Bara timmar innan Rob Reiner och hans hustru Michele Singer Reiner hittades knivm\u00f6rdade i sitt hem i Brentwood skickade Michele sitt sista mejl.<\/p>\n<p>Mejlet gick till en famijev\u00e4n \u2013 d\u00f6md till livstids f\u00e4ngelse.<\/p>\n<p><img   alt=\"\"\/><\/p>\n<p>Rob Reiner och Michele Singer Reiner m\u00f6rdades brutalt i sitt hem.<\/p>\n<p>Foto: Lev Radin \/ Zuma Press \/ TT NYHETSBYR\u00c5N<\/p>\n<p>\u00d6ppna bild i helsk\u00e4rm<img loading=\"lazy\"   alt=\"\"\/><\/p>\n<p>Barnen Reiner, d\u00e4r Nick Reiner (t.h) misst\u00e4nkt f\u00f6r dubbelmord av f\u00f6r\u00e4ldrarna.<\/p>\n<p>Foto: EVAN AGOSTINI \/ AP TT NYHETSBYR\u00c5N<\/p>\n<p>\u00d6ppna bild i helsk\u00e4rm<\/p>\n<p>Mejlet gick till Nanon Williams, en livstidsd\u00f6md f\u00e5nge i Texas som paret haft n\u00e4ra kontakt med under flera \u00e5r.<\/p>\n<p>V\u00e4nskapen tog fart efter att Reiners sett en teaterf\u00f6rest\u00e4llning om Williams liv, och har sedan dess h\u00e5llits levande genom brev, samtal och mejl, enligt <a href=\"https:\/\/ew.com\/inmate-shares-email-from-michele-reiner-sent-hours-before-death-11880264?utm_source=chatgpt.com\" rel=\"nofollow noopener\" target=\"_blank\">Entertainment Weekly<\/a>.<\/p>\n<p>I mejlet skrev Michele om f\u00f6rest\u00e4llningen de sett kv\u00e4llen innan. Hon ber\u00e4ttade om hur mycket de b\u00e5da l\u00e4ngtade efter att f\u00e5 uppleva den tillsammans med honom n\u00e4sta g\u00e5ng.\u00a0<\/p>\n<p>\u201dN\u00e4stan som familj\u201d<\/p>\n<p>Enligt <a href=\"https:\/\/www.nbcnews.com\/news\/us-news\/rob-reiner-michele-texas-nanon-williams-sentenced-death-rcna252305\" rel=\"nofollow noopener\" target=\"_blank\">NBC News<\/a> beskrev hon showen som fantastisk och avslutade mejlet med orden:<\/p>\n<p>\u201dLove you.\u201d<\/p>\n<p>Williams s\u00e4ger till NBC News att paret blivit en avg\u00f6rande del av hans liv under \u00e5ren bakom murarna.<\/p>\n<p>I ett skriftligt uttalande till kanalen beskriver parets dotter, Romy Reiner, honom som \u201dn\u00e4stan som familj\u201d.<\/p>\n<p>P\u00e5 grund av f\u00e4ngelsets s\u00e4kerhetskontroller n\u00e5dde mejlet mottagaren f\u00f6rst flera dagar senare \u2013 efter att nyheten om tragedin redan spridits.<\/p>\n<p>Kort efter att paret Reiner hittades d\u00f6da greps deras 32-\u00e5rige son, Nick Reiner, misst\u00e4nkt f\u00f6r dubbelmord. Han \u00e4r \u00e5talad f\u00f6r tv\u00e5 fall av mord med s\u00e4rskilda omst\u00e4ndigheter och har \u00e4nnu inte tagit st\u00e4llning till anklagelserna.<\/p>\n","protected":false},"excerpt":{"rendered":"Bara timmar innan Rob Reiner och hans hustru Michele Singer Reiner hittades knivm\u00f6rdade i sitt hem i Brentwood&hellip;\n","protected":false},"author":2,"featured_media":129211,"comment_status":"","ping_status":"","sticky":false,"template":"","format":"standard","meta":{"footnotes":""},"categories":[67],"tags":[104,12053,34,31,33,32,30,436,105],"class_list":{"0":"post-129210","1":"post","2":"type-post","3":"status-publish","4":"format-standard","5":"has-post-thumbnail","7":"category-underhallning","8":"tag-entertainment","9":"tag-newsstory-mordet-pa-rob-och-michele-reiner","10":"tag-se","11":"tag-svenska","12":"tag-sverige","13":"tag-sweden","14":"tag-swedish","15":"tag-topic-valdsbrott-mord","16":"tag-underhallning"},"share_on_mastodon":{"url":"https:\/\/pubeurope.com\/@se\/115858235879087577","error":""},"_links":{"self":[{"href":"https:\/\/www.europesays.com\/se\/wp-json\/wp\/v2\/posts\/129210","targetHints":{"allow":["GET"]}}],"collection":[{"href":"https:\/\/www.europesays.com\/se\/wp-json\/wp\/v2\/posts"}],"about":[{"href":"https:\/\/www.europesays.com\/se\/wp-json\/wp\/v2\/types\/post"}],"author":[{"embeddable":true,"href":"https:\/\/www.europesays.com\/se\/wp-json\/wp\/v2\/users\/2"}],"replies":[{"embeddable":true,"href":"https:\/\/www.europesays.com\/se\/wp-json\/wp\/v2\/comments?post=129210"}],"version-history":[{"count":0,"href":"https:\/\/www.europesays.com\/se\/wp-json\/wp\/v2\/posts\/129210\/revisions"}],"wp:featuredmedia":[{"embeddable":true,"href":"https:\/\/www.europesays.com\/se\/wp-json\/wp\/v2\/media\/129211"}],"wp:attachment":[{"href":"https:\/\/www.europesays.com\/se\/wp-json\/wp\/v2\/media?parent=129210"}],"wp:term":[{"taxonomy":"category","embeddable":true,"href":"https:\/\/www.europesays.com\/se\/wp-json\/wp\/v2\/categories?post=129210"},{"taxonomy":"post_tag","embeddable":true,"href":"https:\/\/www.europesays.com\/se\/wp-json\/wp\/v2\/tags?post=129210"}],"curies":[{"name":"wp","href":"https:\/\/api.w.org\/{rel}","templated":true}]}}