{"id":129212,"date":"2026-01-08T07:13:09","date_gmt":"2026-01-08T07:13:09","guid":{"rendered":"https:\/\/www.europesays.com\/se\/129212\/"},"modified":"2026-01-08T07:13:09","modified_gmt":"2026-01-08T07:13:09","slug":"sa-paverkas-vi-av-kortade-arbetsdagar-forskning-se","status":"publish","type":"post","link":"https:\/\/www.europesays.com\/se\/129212\/","title":{"rendered":"S\u00e5 p\u00e5verkas vi av kortade arbetsdagar &#8211; Forskning.se"},"content":{"rendered":"<ol>\n<li><a href=\"https:\/\/news.google.com\/rss\/articles\/CBMiekFVX3lxTFB0dDJYT0w5UHhwMF9HLXNTVmVhQ1B1b0FZZ3dicGNwVXhIZmhZRFRPcWJubWs3N201b3VUMTRKVkxVOUtkSXJOOXJ2OWlzNzRNSkZWRG5aQnd6dVZxeTBtWERDamxkZWgxUkZSaEw2R3lNQUU4bEJ0TnpB?oc=5\" target=\"_blank\" rel=\"nofollow noopener\">S\u00e5 p\u00e5verkas vi av kortade arbetsdagar<\/a>&nbsp;&nbsp;Forskning.se<\/li>\n<li><a href=\"https:\/\/news.google.com\/rss\/articles\/CBMi0gFBVV95cUxOY2R1ZUxHTEpIdmcxcTNfREVabWMtRXBsR2RzRHJIZmVyU3N2UlZqQm9LeHp5YXdKQTFlelRqSy1YTVQ1TW1hT01KbjN5RklYeWhMWkZKTDBYTXpXd2NWU2dWZU9VbGJPSkl6QjNBZGplU0JJWHI3dzJQUk9JTjVjSGhveHVtOWNRX19aOGgzNTJFbkJVTWRwcEtlckpnUUJBVWxLQ2RmbFZaQnh0RzJ2dEloalhxN2dGZC1USG5nbEt1ZVo4c1J2WEJXTmtTLXkwNHc?oc=5\" target=\"_blank\" rel=\"nofollow noopener\">INS\u00c4NDARE: Vem betalar, vad kostar det och vilken effekt kan vi r\u00e4kna med?<\/a>&nbsp;&nbsp;TTELA<\/li>\n<li><a href=\"https:\/\/news.google.com\/rss\/articles\/CBMieEFVX3lxTFAyaFIyVW1FcUxRZWl3czl5eDg0MGJzOE1DSlplVVF2X3VwekxrYzhwY3hjVUsydTJfMnRXVkZWTmpMc1AxWlBTZ1hMQTI4LW1VOC1jZC1xSlhIbndvN1AyS2VpUHB3VnhBZURHS1ZlU3pMekJPMHp2dQ?oc=5\" target=\"_blank\" rel=\"nofollow noopener\">Chefredakt\u00f6ren | L\u00e5ng v\u00e4g kvar f\u00f6r kortare arbetstid<\/a>&nbsp;&nbsp;Hotellrevyn<\/li>\n<li><a href=\"https:\/\/news.google.com\/rss\/articles\/CBMiuAFBVV95cUxNZmNlbVRrZFdVOXRxWmFqNTJVYzAteU16bFR2OHd5dGRMck9IWV95LWxUNnlJRmpuSjZ5MVpzMlJWUjdwN3lUOUJpSUdSUGRnUWdkR1AyZkY1ODg4OC1QU2FxR3lweXpyY0hrMzJ6eFFkbmJTbGtvZDQ1UmZXenFBaXZhNERaSmpCUXRKWWxjdnRqRkpjaUR5SmF0RUhWY0NXV1lzVHZpQXlROXlNVmlnYndYZ2ppbDJr?oc=5\" target=\"_blank\" rel=\"nofollow noopener\">En miljon svenskar f\u00e5r extra ledighet 2026: \u201dHar drivit fr\u00e5gan l\u00e4nge\u201d<\/a>&nbsp;&nbsp;TV4 Nyheterna<\/li>\n<li><a href=\"https:\/\/news.google.com\/rss\/articles\/CBMihwFBVV95cUxNQ0diZ0trd0ZQekNmQ0NBc3VYU2wtSE9KX0N4VVh0UmlGMTJzb1NNUGV4ZU93RF9SeWVWSnRJOENlYjMyd19ETGpINXg3Ni1rVXhXWkh2V1VCMmk0b25GODhMM2VzSXNJcmszMzVUSUxqT0NTdVlSSkE3Z25sSHpwNVducnhkR2c?oc=5\" target=\"_blank\" rel=\"nofollow noopener\">Bekr\u00e4ftat: En miljon svenskar f\u00e5r extra ledighet i \u00e5r<\/a>&nbsp;&nbsp;Marcus Oscarsson<\/li>\n<\/ol>\n","protected":false},"excerpt":{"rendered":"S\u00e5 p\u00e5verkas vi av kortade arbetsdagar&nbsp;&nbsp;Forskning.se INS\u00c4NDARE: Vem betalar, vad kostar det och vilken effekt kan vi r\u00e4kna&hellip;\n","protected":false},"author":2,"featured_media":129213,"comment_status":"","ping_status":"","sticky":false,"template":"","format":"standard","meta":{"footnotes":""},"categories":[65],"tags":[928,72,70,71,34,31,33,32,30],"class_list":{"0":"post-129212","1":"post","2":"type-post","3":"status-publish","4":"format-standard","5":"has-post-thumbnail","7":"category-ekonomi","8":"tag-aterpublicerad","9":"tag-business","10":"tag-economy","11":"tag-ekonomi","12":"tag-se","13":"tag-svenska","14":"tag-sverige","15":"tag-sweden","16":"tag-swedish"},"share_on_mastodon":{"url":"https:\/\/pubeurope.com\/@se\/115858243833186385","error":""},"_links":{"self":[{"href":"https:\/\/www.europesays.com\/se\/wp-json\/wp\/v2\/posts\/129212","targetHints":{"allow":["GET"]}}],"collection":[{"href":"https:\/\/www.europesays.com\/se\/wp-json\/wp\/v2\/posts"}],"about":[{"href":"https:\/\/www.europesays.com\/se\/wp-json\/wp\/v2\/types\/post"}],"author":[{"embeddable":true,"href":"https:\/\/www.europesays.com\/se\/wp-json\/wp\/v2\/users\/2"}],"replies":[{"embeddable":true,"href":"https:\/\/www.europesays.com\/se\/wp-json\/wp\/v2\/comments?post=129212"}],"version-history":[{"count":0,"href":"https:\/\/www.europesays.com\/se\/wp-json\/wp\/v2\/posts\/129212\/revisions"}],"wp:featuredmedia":[{"embeddable":true,"href":"https:\/\/www.europesays.com\/se\/wp-json\/wp\/v2\/media\/129213"}],"wp:attachment":[{"href":"https:\/\/www.europesays.com\/se\/wp-json\/wp\/v2\/media?parent=129212"}],"wp:term":[{"taxonomy":"category","embeddable":true,"href":"https:\/\/www.europesays.com\/se\/wp-json\/wp\/v2\/categories?post=129212"},{"taxonomy":"post_tag","embeddable":true,"href":"https:\/\/www.europesays.com\/se\/wp-json\/wp\/v2\/tags?post=129212"}],"curies":[{"name":"wp","href":"https:\/\/api.w.org\/{rel}","templated":true}]}}