{"id":129217,"date":"2026-01-08T07:22:14","date_gmt":"2026-01-08T07:22:14","guid":{"rendered":"https:\/\/www.europesays.com\/se\/129217\/"},"modified":"2026-01-08T07:22:14","modified_gmt":"2026-01-08T07:22:14","slug":"mindre-socker-och-mer-rott-kott-i-usas-nya-kostrad-valdigt-retro","status":"publish","type":"post","link":"https:\/\/www.europesays.com\/se\/129217\/","title":{"rendered":"Mindre socker och mer r\u00f6tt k\u00f6tt i USA:s nya kostr\u00e5d: \u201dV\u00e4ldigt retro\u201d"},"content":{"rendered":"<p>\u00c4t mer r\u00f6tt k\u00f6tt, feta mejeriprodukter och gr\u00f6nsaker. Undvik ultraprocessad mat, socker, br\u00f6d och havregryn. S\u00e5 lyder de nya amerikanska kostr\u00e5den som tagits fram av Trumpadministrationen med h\u00e4lsominister Robert F Kennedy Jr i spetsen.<\/p>\n<p>De nya kostr\u00e5den f\u00f6respr\u00e5kar mer protein \u00e4n de f\u00f6reg\u00e5ende rekommendationerna. Experter inom n\u00e4ring och h\u00e4lsa har delade meningar om de nya riktlinjerna, skriver AFP. Flera menar att det \u00e4r en positiv riktning att minska ultraprocessad mat och socker, men att r\u00e5den blir mots\u00e4gelsefulla n\u00e4r man samtidigt uppmanar till att \u00e4ta mer r\u00f6tt k\u00f6tt och fett.<\/p>\n<p>\u2013 Jag upplevde det hela som r\u00f6rigt, mots\u00e4gelsefullt, ideologiskt och v\u00e4ldigt retro, s\u00e4ger Marion Nestle, professor i n\u00e4ringsl\u00e4ra vid New York University. <\/p>\n<p>Omni \u00e4r politiskt obundna och oberoende. Vi str\u00e4var efter att ge fler perspektiv p\u00e5 nyheterna. Har du fr\u00e5gor eller synpunkter kring v\u00e5r rapportering? <a href=\"https:\/\/omni.se\/mindre-socker-och-mer-rott-kott-i-usa-s-nya-kostrad-valdigt-retro\/a\/mailto:redaktion@omni.se\" class=\"ArticleActions_contactLink__W2F1M\" rel=\"nofollow noopener\" target=\"_blank\">Kontakta redaktionen<\/a><\/p>\n","protected":false},"excerpt":{"rendered":"\u00c4t mer r\u00f6tt k\u00f6tt, feta mejeriprodukter och gr\u00f6nsaker. Undvik ultraprocessad mat, socker, br\u00f6d och havregryn. S\u00e5 lyder de&hellip;\n","protected":false},"author":2,"featured_media":129218,"comment_status":"","ping_status":"","sticky":false,"template":"","format":"standard","meta":{"footnotes":""},"categories":[14],"tags":[22,23,26,27,17,21,24,25,28,29,15,268,16,2268,18,34,31,33,32,30,19,20,386,74,51,52,53,54],"class_list":{"0":"post-129217","1":"post","2":"type-post","3":"status-publish","4":"format-standard","5":"has-post-thumbnail","7":"category-varlden","8":"tag-breaking-news","9":"tag-breakingnews","10":"tag-featured-news","11":"tag-featurednews","12":"tag-headlines","13":"tag-huvudnyheter","14":"tag-latest-news","15":"tag-latestnews","16":"tag-main-news","17":"tag-mainnews","18":"tag-news","19":"tag-nordamerika","20":"tag-nyheter","21":"tag-robert-f-kennedy-jr","22":"tag-rubriker","23":"tag-se","24":"tag-svenska","25":"tag-sverige","26":"tag-sweden","27":"tag-swedish","28":"tag-top-stories","29":"tag-topstories","30":"tag-trumps-usa","31":"tag-usa","32":"tag-varlden","33":"tag-world","34":"tag-world-news","35":"tag-worldnews"},"share_on_mastodon":{"url":"https:\/\/pubeurope.com\/@se\/115858279405497153","error":""},"_links":{"self":[{"href":"https:\/\/www.europesays.com\/se\/wp-json\/wp\/v2\/posts\/129217","targetHints":{"allow":["GET"]}}],"collection":[{"href":"https:\/\/www.europesays.com\/se\/wp-json\/wp\/v2\/posts"}],"about":[{"href":"https:\/\/www.europesays.com\/se\/wp-json\/wp\/v2\/types\/post"}],"author":[{"embeddable":true,"href":"https:\/\/www.europesays.com\/se\/wp-json\/wp\/v2\/users\/2"}],"replies":[{"embeddable":true,"href":"https:\/\/www.europesays.com\/se\/wp-json\/wp\/v2\/comments?post=129217"}],"version-history":[{"count":0,"href":"https:\/\/www.europesays.com\/se\/wp-json\/wp\/v2\/posts\/129217\/revisions"}],"wp:featuredmedia":[{"embeddable":true,"href":"https:\/\/www.europesays.com\/se\/wp-json\/wp\/v2\/media\/129218"}],"wp:attachment":[{"href":"https:\/\/www.europesays.com\/se\/wp-json\/wp\/v2\/media?parent=129217"}],"wp:term":[{"taxonomy":"category","embeddable":true,"href":"https:\/\/www.europesays.com\/se\/wp-json\/wp\/v2\/categories?post=129217"},{"taxonomy":"post_tag","embeddable":true,"href":"https:\/\/www.europesays.com\/se\/wp-json\/wp\/v2\/tags?post=129217"}],"curies":[{"name":"wp","href":"https:\/\/api.w.org\/{rel}","templated":true}]}}