{"id":129219,"date":"2026-01-08T07:23:11","date_gmt":"2026-01-08T07:23:11","guid":{"rendered":"https:\/\/www.europesays.com\/se\/129219\/"},"modified":"2026-01-08T07:23:11","modified_gmt":"2026-01-08T07:23:11","slug":"aven-nordamerika-drabbas-hart-av-barkborrar-natursidan","status":"publish","type":"post","link":"https:\/\/www.europesays.com\/se\/129219\/","title":{"rendered":"\u00c4ven Nordamerika drabbas h\u00e5rt av barkborrar \u2013 Natursidan"},"content":{"rendered":"<p>Massplantering av snabbv\u00e4xande barrtr\u00e4d i t\u00e4ta rader kombinerat med klimatkrisens allt vanligare extremv\u00e4der, stormar och perioder av torka har skapat perfekta f\u00f6ruts\u00e4ttningar f\u00f6r barkborrarna. De kan snabbt angripa och d\u00f6da m\u00e4ngder av f\u00f6rsvagade tr\u00e4d och har hela tiden n\u00e4ra till n\u00e4sta tr\u00e4d. <\/p>\n<p>Det \u00e4r dock inte bara i Sverige som brakborrarna har en uppdukad festm\u00e5ltid. Det g\u00e4ller \u00e4ven i USA. I Colorados berg har gultallar\/ponderosatallar angrips av contortabastborre i 30 \u00e5rs tid, men situationen har kraftigt f\u00f6rv\u00e4rrats den senaste tiden. B\u00e5de flygunders\u00f6kningar och att bara \u00e5ka l\u00e4ngs med motorv\u00e4garna avsl\u00f6jar stora omr\u00e5den med d\u00f6da tr\u00e4d. <\/p>\n<p>\u2013\u00a0Vi har g\u00e5tt igenom flera cykler av utbrott. Men det som \u00e4r nytt h\u00e4r \u00e4r b\u00f6rjan p\u00e5 ett massivt utbrott i v\u00e4stra Front Range d\u00e4r prognoser visar att under de n\u00e4rmaste \u00e5ren kommer n\u00e4stan 100 procent av ponderosatallarna att d\u00f6, sade guven\u00f6ren Jared Polis i en intervju.<\/p>\n<p>I slutet av 2025 utf\u00e4rdade han ett dekret och bildade en \u201dtask force\u201d f\u00f6r att f\u00f6rs\u00f6ka hantera det v\u00e4xande hotet. Men \u00e4ven om det finns s\u00e4tt att mildra effekterna s\u00e5 \u00e4r det v\u00e4ldigt sv\u00e5rt att stoppa spridningen. Det moderna skogsbruket har skapat perfekta f\u00f6rh\u00e5llanden f\u00f6r barkborrarna p\u00e5 m\u00e5nga h\u00e5ll i v\u00e4rlden.<\/p>\n<p>Inhemska skalbaggar som har viktig roll i ekosystemet<\/p>\n<p>Barkborrar \u00e4r inhemska arter, b\u00e5de i Sverige och Nordamerika. De \u00e4r en viktig del av ekosystemet genom att gnaga g\u00e5ngar i tr\u00e4d som v\u00e4ldigt m\u00e5nga andra arter nyttjar. Eftersom de framf\u00f6r allt klarar att angripa f\u00f6rsvagade och sjuka tr\u00e4d s\u00e5 hj\u00e4lper de i en naturskog till att gallra bort sjuka och d\u00f6ende tallar, vilket skapar mer utrymme f\u00f6r yngre tr\u00e4d att v\u00e4xa. Dessutom ger de upphov till mer d\u00f6d ved. <\/p>\n<p>Men bland planterade tr\u00e4d, vilket \u00e4r det vanligaste efter kalhyggen, \u00e4r f\u00f6ruts\u00e4ttningarna helt andra. P\u00e5 de f\u00f6re detta kalhyggena v\u00e4xer det upp barrtr\u00e4d i t\u00e4ta rader. Alla tr\u00e4d \u00e4r lika gamla och har oftast samma gener. Variationen \u00e4r minimal. <\/p>\n<p>De homogena skogarna har mycket s\u00e4mre f\u00f6ruts\u00e4ttningar att klara klimatkrisens p\u00e5frestningar i form av allt h\u00f6gre temperaturer, perioder med torka, extrem nederb\u00f6rd och kraftigare stormar. En blandskog klarar detta b\u00e4ttre eftersom alla tr\u00e4d \u00e4r olika stora, det finns m\u00e4ngder av olika arter med olika f\u00f6ruts\u00e4ttningar. En tr\u00e4dplantering med granar i t\u00e4ta rader, f\u00f6r\u00e4dlade f\u00f6r att v\u00e4xa snabbt, blir ist\u00e4llet stressade. Det inneb\u00e4r att de producerar mindre k\u00e5da, som \u00e4r det naturliga f\u00f6rsvaret mot barkborrar. F\u00f6rutom f\u00f6rs\u00e4mrat f\u00f6rsvar s\u00e5 inneb\u00e4r ocks\u00e5 allt varmare vinterhalv\u00e5r att barkborrarna kan sprida sig under st\u00f6rre delar av \u00e5ret och varmare somrar g\u00f6r att skalbaggarna hinner med fler generationer. Dessutom kan de snabbt p\u00e5b\u00f6rja n\u00e4sta generation n\u00e4r n\u00e4sta tr\u00e4d st\u00e5r precis intill. <\/p>\n<p>\u00d6kar risken f\u00f6r andra skador<\/p>\n<p>Varje tr\u00e4d kan producera tillr\u00e4ckligt med barkborrar f\u00f6r att sprida sig till tio andra tr\u00e4d. Det uppst\u00e5r en perfekt grogrund f\u00f6r barkborrarna.<\/p>\n<p>\u2013\u00a0Just nu, eftersom tr\u00e4den \u00e4r i samma \u00e5lder och st\u00e5r t\u00e4tt, \u00e4r det som en f\u00e4rdig buff\u00e9 f\u00f6r contortabastborren, s\u00e4ger Matt McCombs, Colorado State Forester.<\/p>\n<p>De stora omr\u00e5dena med d\u00f6da tr\u00e4d medf\u00f6r ocks\u00e5 andra problem \u2013\u00a0de \u00f6kar brandrisken och g\u00f6r att br\u00e4nder sprider sig l\u00e4ttare. D\u00f6da tr\u00e4d f\u00e4lls l\u00e4ttare i stormar och utg\u00f6r en fara f\u00f6r folk som r\u00f6r sig i skogarna. Dessutom \u00f6kar risken f\u00f6r erosion och jordskred n\u00e4r inga r\u00f6tter binder jorden. <\/p>\n<p>K\u00e4llor: <a href=\"https:\/\/www.fs.usda.gov\/about-agency\/features\/racing-clock-stem-spread-mountain-pine-beetle\" rel=\"nofollow noopener\" target=\"_blank\">Forest Service<\/a>, <a href=\"https:\/\/www.fs.usda.gov\/about-agency\/features\/racing-clock-stem-spread-mountain-pine-beetle\" rel=\"nofollow noopener\" target=\"_blank\">Colorado State University<\/a> och <a href=\"https:\/\/phys.org\/news\/2025-12-beetles-poised-decimate-colorado-front.html\" rel=\"nofollow noopener\" target=\"_blank\">Phys<\/a><\/p>\n","protected":false},"excerpt":{"rendered":"Massplantering av snabbv\u00e4xande barrtr\u00e4d i t\u00e4ta rader kombinerat med klimatkrisens allt vanligare extremv\u00e4der, stormar och perioder av torka&hellip;\n","protected":false},"author":2,"featured_media":129220,"comment_status":"","ping_status":"","sticky":false,"template":"","format":"standard","meta":{"footnotes":""},"categories":[12],"tags":[22,23,26,27,17,21,24,25,28,29,15,16,18,34,31,33,32,30,19,20],"class_list":{"0":"post-129219","1":"post","2":"type-post","3":"status-publish","4":"format-standard","5":"has-post-thumbnail","7":"category-sverige","8":"tag-breaking-news","9":"tag-breakingnews","10":"tag-featured-news","11":"tag-featurednews","12":"tag-headlines","13":"tag-huvudnyheter","14":"tag-latest-news","15":"tag-latestnews","16":"tag-main-news","17":"tag-mainnews","18":"tag-news","19":"tag-nyheter","20":"tag-rubriker","21":"tag-se","22":"tag-svenska","23":"tag-sverige","24":"tag-sweden","25":"tag-swedish","26":"tag-top-stories","27":"tag-topstories"},"share_on_mastodon":{"url":"https:\/\/pubeurope.com\/@se\/115858283133761146","error":""},"_links":{"self":[{"href":"https:\/\/www.europesays.com\/se\/wp-json\/wp\/v2\/posts\/129219","targetHints":{"allow":["GET"]}}],"collection":[{"href":"https:\/\/www.europesays.com\/se\/wp-json\/wp\/v2\/posts"}],"about":[{"href":"https:\/\/www.europesays.com\/se\/wp-json\/wp\/v2\/types\/post"}],"author":[{"embeddable":true,"href":"https:\/\/www.europesays.com\/se\/wp-json\/wp\/v2\/users\/2"}],"replies":[{"embeddable":true,"href":"https:\/\/www.europesays.com\/se\/wp-json\/wp\/v2\/comments?post=129219"}],"version-history":[{"count":0,"href":"https:\/\/www.europesays.com\/se\/wp-json\/wp\/v2\/posts\/129219\/revisions"}],"wp:featuredmedia":[{"embeddable":true,"href":"https:\/\/www.europesays.com\/se\/wp-json\/wp\/v2\/media\/129220"}],"wp:attachment":[{"href":"https:\/\/www.europesays.com\/se\/wp-json\/wp\/v2\/media?parent=129219"}],"wp:term":[{"taxonomy":"category","embeddable":true,"href":"https:\/\/www.europesays.com\/se\/wp-json\/wp\/v2\/categories?post=129219"},{"taxonomy":"post_tag","embeddable":true,"href":"https:\/\/www.europesays.com\/se\/wp-json\/wp\/v2\/tags?post=129219"}],"curies":[{"name":"wp","href":"https:\/\/api.w.org\/{rel}","templated":true}]}}