{"id":129225,"date":"2026-01-08T07:30:16","date_gmt":"2026-01-08T07:30:16","guid":{"rendered":"https:\/\/www.europesays.com\/se\/129225\/"},"modified":"2026-01-08T07:30:16","modified_gmt":"2026-01-08T07:30:16","slug":"flera-olyckor-pa-e4-polisens-uppmaning","status":"publish","type":"post","link":"https:\/\/www.europesays.com\/se\/129225\/","title":{"rendered":"Flera olyckor p\u00e5 E4 \u2013 polisens uppmaning"},"content":{"rendered":"<p class=\"sc-c25743f0-0 sc-e37c0145-2 hObFds DQgPn\"><strong>11.56 \u2013 H\u00f6ljebro, E4:<\/strong> En personbil med husvagn och en lastbil har krockat i s\u00f6dra S\u00f6derhamn.<\/p>\n<p class=\"sc-c25743f0-0 sc-e37c0145-2 hObFds DQgPn\"><strong>11.58 \u2013 \u00d6verbo, v\u00e4g 50: <\/strong>En bil har k\u00f6rt in i en lastbil bakifr\u00e5n mellan S\u00f6derhamn och Bolln\u00e4s. Olyckan har orsakat l\u00e5nga k\u00f6er med stillast\u00e5ende bilar i b\u00e5da riktningarna. Enligt Trafikverket beror det delvis p\u00e5 den d\u00e5liga sikten.<\/p>\n<p class=\"sc-c25743f0-0 sc-e37c0145-2 hObFds DQgPn\"><strong>12.14 \u2013 En\u00e5nger, E4:<\/strong> Tv\u00e5 lastbilar har krockat. I samband med olyckan bildades en l\u00e5ng k\u00f6, i vilken flera andra bilar krockat. En person har f\u00f6rts till sjukhus med oklara skador. Ett k\u00f6rf\u00e4lt \u00e4r avst\u00e4ngt i norrg\u00e5ende riktning.<\/p>\n<p class=\"sc-c25743f0-0 sc-e37c0145-2 hObFds DQgPn\"><strong>12.52 \u2013 Forneby, v\u00e4g 651:<\/strong> En singelolycka med en personbil har intr\u00e4ffat. Trafikverket uppger att olyckan hade en stor p\u00e5verkan p\u00e5 trafiken i b\u00e5da riktningarna. Sedan 14-tiden ska det vara framkomligt p\u00e5 v\u00e4gen igen.<\/p>\n<p class=\"sc-c25743f0-0 sc-e37c0145-2 hObFds DQgPn\"><strong>13.29 \u2013 H\u00f6ljebro, E4: <\/strong>I samband med den tidigare olyckan har en lastbil fastnat och blockerar hela v\u00e4gen i s\u00f6derg\u00e5ende riktning. Trafikverket uppger att olyckan har en mycket stor p\u00e5verkan p\u00e5 trafiken och att en b\u00e4rgare \u00e4r best\u00e4lld.<\/p>\n<p><img decoding=\"async\" loading=\"lazy\" src=\"https:\/\/www.europesays.com\/se\/wp-content\/uploads\/2026\/01\/1767857415_296_.jpeg\" class=\"sc-ecf79092-4 zsqbd\"\/><\/p>\n<p class=\"sc-c25743f0-0 gMtMnA\">Lastbil blockerar v\u00e4gen p\u00e5 E4, H\u00f6ljebro.<\/p>\n<p><img decoding=\"async\" itemprop=\"contentUrl\" loading=\"lazy\" src=\"https:\/\/www.europesays.com\/se\/wp-content\/uploads\/2026\/01\/1767857415_296_.jpeg\" alt=\"\" class=\"sc-6521091-0 bNsjRS\"\/>Lastbil blockerar v\u00e4gen p\u00e5 E4, H\u00f6ljebro.<\/p>\n<p class=\"sc-c25743f0-0 sc-4a1f9703-0 GnxaU hgdzHk\">Foto: Daniel Sj\u00f6holm\/Xnytt<\/p>\n<p>Myndigheterna varnar<\/p>\n<p class=\"sc-c25743f0-0 sc-e37c0145-2 hObFds DQgPn\">Nu uppmanar polisen v\u00e4gtrafikanter att k\u00f6ra f\u00f6rsiktigt och anpassa hastighet och avst\u00e5nd till andra fordon p\u00e5 v\u00e4garna d\u00e5 det uppges vara b\u00e5de d\u00e5lig sikt och halt v\u00e4glag. <\/p>\n<p class=\"sc-c25743f0-0 sc-e37c0145-2 hObFds DQgPn\">Trafikverket har utf\u00e4rdat en varning f\u00f6r trafikanter i G\u00e4vleborgs l\u00e4n under tisdagen och onsdagen.<\/p>\n<p class=\"sc-c25743f0-0 sc-e37c0145-2 hObFds DQgPn\">\u201dSn\u00f6byar v\u00e4ntas passera som blir kraftiga i omg\u00e5ngar. Restider kan bli l\u00e4ngre pga halka, d\u00e5lig sikt och sn\u00f6r\u00f6k. Avs\u00e4tt l\u00e4ngre tid f\u00f6r din resa, anv\u00e4nd dimbakljus och anpassa hastighet efter v\u00e4glag och sikt. F\u00f6lj v\u00e4derutvecklingen och iaktta f\u00f6rsiktighet i trafiken\u201d, skriver man.<\/p>\n<p>Tipsa TV4 Nyheterna<\/p>\n<p class=\"sc-c25743f0-0 hObFds\">Har du bilder? Vet du mer? H\u00f6r av dig!<\/p>\n<p><img decoding=\"async\" loading=\"lazy\" alt=\"TV4 nyheterna ALFA\" width=\"132\" height=\"198\" src=\"https:\/\/www.europesays.com\/se\/wp-content\/uploads\/2026\/01\/1767857416_73_.png\" class=\"sc-718ae386-4 dGxWVi\"\/><\/p>\n","protected":false},"excerpt":{"rendered":"11.56 \u2013 H\u00f6ljebro, E4: En personbil med husvagn och en lastbil har krockat i s\u00f6dra S\u00f6derhamn. 11.58 \u2013&hellip;\n","protected":false},"author":2,"featured_media":129226,"comment_status":"","ping_status":"","sticky":false,"template":"","format":"standard","meta":{"footnotes":""},"categories":[14],"tags":[22,23,26,27,17,21,24,25,28,29,15,16,18,34,31,33,32,30,19,20,51,52,53,54],"class_list":{"0":"post-129225","1":"post","2":"type-post","3":"status-publish","4":"format-standard","5":"has-post-thumbnail","7":"category-varlden","8":"tag-breaking-news","9":"tag-breakingnews","10":"tag-featured-news","11":"tag-featurednews","12":"tag-headlines","13":"tag-huvudnyheter","14":"tag-latest-news","15":"tag-latestnews","16":"tag-main-news","17":"tag-mainnews","18":"tag-news","19":"tag-nyheter","20":"tag-rubriker","21":"tag-se","22":"tag-svenska","23":"tag-sverige","24":"tag-sweden","25":"tag-swedish","26":"tag-top-stories","27":"tag-topstories","28":"tag-varlden","29":"tag-world","30":"tag-world-news","31":"tag-worldnews"},"share_on_mastodon":{"url":"https:\/\/pubeurope.com\/@se\/115858310711056455","error":""},"_links":{"self":[{"href":"https:\/\/www.europesays.com\/se\/wp-json\/wp\/v2\/posts\/129225","targetHints":{"allow":["GET"]}}],"collection":[{"href":"https:\/\/www.europesays.com\/se\/wp-json\/wp\/v2\/posts"}],"about":[{"href":"https:\/\/www.europesays.com\/se\/wp-json\/wp\/v2\/types\/post"}],"author":[{"embeddable":true,"href":"https:\/\/www.europesays.com\/se\/wp-json\/wp\/v2\/users\/2"}],"replies":[{"embeddable":true,"href":"https:\/\/www.europesays.com\/se\/wp-json\/wp\/v2\/comments?post=129225"}],"version-history":[{"count":0,"href":"https:\/\/www.europesays.com\/se\/wp-json\/wp\/v2\/posts\/129225\/revisions"}],"wp:featuredmedia":[{"embeddable":true,"href":"https:\/\/www.europesays.com\/se\/wp-json\/wp\/v2\/media\/129226"}],"wp:attachment":[{"href":"https:\/\/www.europesays.com\/se\/wp-json\/wp\/v2\/media?parent=129225"}],"wp:term":[{"taxonomy":"category","embeddable":true,"href":"https:\/\/www.europesays.com\/se\/wp-json\/wp\/v2\/categories?post=129225"},{"taxonomy":"post_tag","embeddable":true,"href":"https:\/\/www.europesays.com\/se\/wp-json\/wp\/v2\/tags?post=129225"}],"curies":[{"name":"wp","href":"https:\/\/api.w.org\/{rel}","templated":true}]}}