{"id":129260,"date":"2026-01-08T08:10:08","date_gmt":"2026-01-08T08:10:08","guid":{"rendered":"https:\/\/www.europesays.com\/se\/129260\/"},"modified":"2026-01-08T08:10:08","modified_gmt":"2026-01-08T08:10:08","slug":"paminnelse-lamna-synpunkter-gallande-funktioner-i-ett-centralt-datahanteringsverktyg","status":"publish","type":"post","link":"https:\/\/www.europesays.com\/se\/129260\/","title":{"rendered":"P\u00e5minnelse: L\u00e4mna synpunkter g\u00e4llande funktioner i ett centralt datahanteringsverktyg"},"content":{"rendered":"<p class=\"ei-paragraph\">I <a href=\"https:\/\/ei.se\/download\/18.4d413572199371e3b49b009\/1758709082365\/2025-103808.pdf\" rel=\"nofollow noopener\" target=\"_blank\">uppdraget pdf, 274.2 kB.<\/a> som Ei och Svenska kraftn\u00e4t fick i september 2025 ing\u00e5r bland annat att analysera och f\u00f6resl\u00e5 vilka funktioner ett centralt datahanteringsverktyg b\u00f6r ha, vilken information det b\u00f6r inneh\u00e5lla och vilka akt\u00f6rer som b\u00f6r ha tillg\u00e5ng till olika delar av dataverktyget.<\/p>\n<p class=\"ei-paragraph\">Ei och Svenska kraftn\u00e4t vill g\u00e4rna ha inspel i arbetet och bjuder d\u00e4rf\u00f6r in alla intressenter, till exempel eln\u00e4tsf\u00f6retag, elleverant\u00f6rer, energigemenskaper, aggregatorer, elanv\u00e4ndare och energitj\u00e4nsteleverant\u00f6rer att l\u00e4mna synpunkter och komma med inspel.<\/p>\n<p>S\u00e5 h\u00e4r l\u00e4mnar du synpunkter<\/p>\n<p class=\"ei-paragraph\">Mer information om uppdraget och hur du l\u00e4mnar synpunkter finns i tidigare nyhet: <a href=\"https:\/\/ei.se\/om-oss\/nyheter\/2025\/2025-12-05-valkommen-att-lamna-synpunkter-till-utredningen-om-ett-centralt-datahanteringsverktyg\" rel=\"nofollow noopener\" target=\"_blank\">V\u00e4lkommen att l\u00e4mna synpunkter till utredningen om ett centralt datahanteringsverktyg<\/a><\/p>\n","protected":false},"excerpt":{"rendered":"I uppdraget pdf, 274.2 kB. som Ei och Svenska kraftn\u00e4t fick i september 2025 ing\u00e5r bland annat att&hellip;\n","protected":false},"author":2,"featured_media":8642,"comment_status":"","ping_status":"","sticky":false,"template":"","format":"standard","meta":{"footnotes":""},"categories":[65],"tags":[72,70,71,34,31,33,32,30],"class_list":{"0":"post-129260","1":"post","2":"type-post","3":"status-publish","4":"format-standard","5":"has-post-thumbnail","7":"category-ekonomi","8":"tag-business","9":"tag-economy","10":"tag-ekonomi","11":"tag-se","12":"tag-svenska","13":"tag-sverige","14":"tag-sweden","15":"tag-swedish"},"share_on_mastodon":{"url":"https:\/\/pubeurope.com\/@se\/115858467913214405","error":""},"_links":{"self":[{"href":"https:\/\/www.europesays.com\/se\/wp-json\/wp\/v2\/posts\/129260","targetHints":{"allow":["GET"]}}],"collection":[{"href":"https:\/\/www.europesays.com\/se\/wp-json\/wp\/v2\/posts"}],"about":[{"href":"https:\/\/www.europesays.com\/se\/wp-json\/wp\/v2\/types\/post"}],"author":[{"embeddable":true,"href":"https:\/\/www.europesays.com\/se\/wp-json\/wp\/v2\/users\/2"}],"replies":[{"embeddable":true,"href":"https:\/\/www.europesays.com\/se\/wp-json\/wp\/v2\/comments?post=129260"}],"version-history":[{"count":0,"href":"https:\/\/www.europesays.com\/se\/wp-json\/wp\/v2\/posts\/129260\/revisions"}],"wp:featuredmedia":[{"embeddable":true,"href":"https:\/\/www.europesays.com\/se\/wp-json\/wp\/v2\/media\/8642"}],"wp:attachment":[{"href":"https:\/\/www.europesays.com\/se\/wp-json\/wp\/v2\/media?parent=129260"}],"wp:term":[{"taxonomy":"category","embeddable":true,"href":"https:\/\/www.europesays.com\/se\/wp-json\/wp\/v2\/categories?post=129260"},{"taxonomy":"post_tag","embeddable":true,"href":"https:\/\/www.europesays.com\/se\/wp-json\/wp\/v2\/tags?post=129260"}],"curies":[{"name":"wp","href":"https:\/\/api.w.org\/{rel}","templated":true}]}}