{"id":129310,"date":"2026-01-08T08:58:38","date_gmt":"2026-01-08T08:58:38","guid":{"rendered":"https:\/\/www.europesays.com\/se\/129310\/"},"modified":"2026-01-08T08:58:38","modified_gmt":"2026-01-08T08:58:38","slug":"har-ar-netflix-agneta-succeromanen-blir-film","status":"publish","type":"post","link":"https:\/\/www.europesays.com\/se\/129310\/","title":{"rendered":"H\u00e4r \u00e4r Netflix Agneta \u2013 succ\u00e9romanen blir film"},"content":{"rendered":"<p>Romanen har redan satts upp p\u00e5 teaterscenen, d\u00e5 med Anna Granath i huvudrollen. Men n\u00e4r ber\u00e4ttelsen filmas av Netflix i regi av Johanna Runevad spelar Eva Melander Agneta, som flyttar till Provence och finner gl\u00e4djen i livet igen.<\/p>\n<p>Eva Melander fick sitt stora publika genombrott 2018 i filmen \u201dGr\u00e4ns\u201d, som gav henne en Guldbagge. \u201dJe m&#8217;appelle Agneta\u201d f\u00e5r premi\u00e4r p\u00e5 Netflix under v\u00e5ren.<\/p>\n<p><strong>Under onsdagen presenterade<\/strong> Netflix en rad nyheter som kommer p\u00e5 str\u00f6mningstj\u00e4nsten under \u00e5ret. Bland annat avsl\u00f6jades det att Adam P\u00e5lsson regisserar den romantiska komedin \u201dBara till jul\u201d om tv\u00e5 systrar som m\u00e5ste byta liv med varandra veckorna f\u00f6re jul.<\/p>\n<p>          <img decoding=\"async\" class=\"picture__img\" src=\"https:\/\/www.europesays.com\/se\/wp-content\/uploads\/2026\/01\/c2dd0e65-0d7a-425a-846b-86506cf48540.jpeg\"   alt=\"Happy Jankell och systern F\u00e9lice Jankell spelar huvudrollen i en ny romantisk komedi p\u00e5 Netflix. H\u00e4r p\u00e5 en bild fr\u00e5n 2017.\"\/><\/p>\n<p>      Happy Jankell och systern F\u00e9lice Jankell spelar huvudrollen i en ny romantisk komedi p\u00e5 Netflix. H\u00e4r p\u00e5 en bild fr\u00e5n 2017.<\/p>\n<p>      Foto: Jonas Ekstr\u00f6mer\/TT<\/p>\n<p>Syskonen spelas av de verkliga systrarna Felice och Happy Jankell, Christian Fandango och Celie Sparre g\u00f6r \u00f6vriga stora roller i filmen som f\u00e5r premi\u00e4r senare i \u00e5r.<\/p>\n<p>Netflix bekr\u00e4ftar ocks\u00e5 att en tredje s\u00e4song av \u201dLove is blind. Sverige\u201d kommer under 2026 med Jessica Almen\u00e4s som programledare, men den popul\u00e4ra k\u00e4rleksrealityn har \u00e4nnu inte f\u00e5tt n\u00e5got premi\u00e4rdatum.<\/p>\n<p><strong>Det \u00e4r ocks\u00e5 klart att<\/strong> Henrik Dorsins nya film \u201dDen svenska l\u00e4nken\u201d, som produceras f\u00f6r Netflix, f\u00e5r biopremi\u00e4r den 6 februari och d\u00e4refter kommer till str\u00f6mningstj\u00e4nsten tv\u00e5 veckor senare.<\/p>\n<p>Sissela Benn, Jonas Karlsson och Marianne M\u00f6rck g\u00f6r \u00f6vriga stora roller i dramat om UD-tj\u00e4nstem\u00e4n som anv\u00e4nder byr\u00e5krati f\u00f6r att r\u00e4dda judar och f\u00f6rbereda sig f\u00f6r en hotande tysk invasion av Sverige under andra v\u00e4rldskriget.<\/p>\n","protected":false},"excerpt":{"rendered":"Romanen har redan satts upp p\u00e5 teaterscenen, d\u00e5 med Anna Granath i huvudrollen. Men n\u00e4r ber\u00e4ttelsen filmas av&hellip;\n","protected":false},"author":2,"featured_media":129311,"comment_status":"","ping_status":"","sticky":false,"template":"","format":"standard","meta":{"footnotes":""},"categories":[67],"tags":[104,34,31,33,32,30,105],"class_list":{"0":"post-129310","1":"post","2":"type-post","3":"status-publish","4":"format-standard","5":"has-post-thumbnail","7":"category-underhallning","8":"tag-entertainment","9":"tag-se","10":"tag-svenska","11":"tag-sverige","12":"tag-sweden","13":"tag-swedish","14":"tag-underhallning"},"share_on_mastodon":{"url":"https:\/\/pubeurope.com\/@se\/115858656666231311","error":""},"_links":{"self":[{"href":"https:\/\/www.europesays.com\/se\/wp-json\/wp\/v2\/posts\/129310","targetHints":{"allow":["GET"]}}],"collection":[{"href":"https:\/\/www.europesays.com\/se\/wp-json\/wp\/v2\/posts"}],"about":[{"href":"https:\/\/www.europesays.com\/se\/wp-json\/wp\/v2\/types\/post"}],"author":[{"embeddable":true,"href":"https:\/\/www.europesays.com\/se\/wp-json\/wp\/v2\/users\/2"}],"replies":[{"embeddable":true,"href":"https:\/\/www.europesays.com\/se\/wp-json\/wp\/v2\/comments?post=129310"}],"version-history":[{"count":0,"href":"https:\/\/www.europesays.com\/se\/wp-json\/wp\/v2\/posts\/129310\/revisions"}],"wp:featuredmedia":[{"embeddable":true,"href":"https:\/\/www.europesays.com\/se\/wp-json\/wp\/v2\/media\/129311"}],"wp:attachment":[{"href":"https:\/\/www.europesays.com\/se\/wp-json\/wp\/v2\/media?parent=129310"}],"wp:term":[{"taxonomy":"category","embeddable":true,"href":"https:\/\/www.europesays.com\/se\/wp-json\/wp\/v2\/categories?post=129310"},{"taxonomy":"post_tag","embeddable":true,"href":"https:\/\/www.europesays.com\/se\/wp-json\/wp\/v2\/tags?post=129310"}],"curies":[{"name":"wp","href":"https:\/\/api.w.org\/{rel}","templated":true}]}}