{"id":129312,"date":"2026-01-08T09:00:08","date_gmt":"2026-01-08T09:00:08","guid":{"rendered":"https:\/\/www.europesays.com\/se\/129312\/"},"modified":"2026-01-08T09:00:08","modified_gmt":"2026-01-08T09:00:08","slug":"svenska-elreserven-sakrad-i-vinter","status":"publish","type":"post","link":"https:\/\/www.europesays.com\/se\/129312\/","title":{"rendered":"Svenska elreserven s\u00e4krad i vinter"},"content":{"rendered":"<p>Reserven avser 350 MW och kan anv\u00e4ndas under perioden 15 januari\u201315 mars om det uppst\u00e5r en befarad effektbrist i vinterkylan. Som j\u00e4mf\u00f6relse producerar en normal k\u00e4rnkraftsreaktor cirka 1\u00a0100 MW.<\/p>\n<p>Det blir \u00e5terigen Karlshamnsverket i Blekinge som st\u00e5r f\u00f6r den st\u00f6rsta delen av reserven, 330 MW. M\u00e4larenergis v\u00e4rmeverk i V\u00e4ster\u00e5s st\u00e5r f\u00f6r resterande 20 MW, skriver Svenska kraftn\u00e4t i ett pressmeddelande.<\/p>\n","protected":false},"excerpt":{"rendered":"Reserven avser 350 MW och kan anv\u00e4ndas under perioden 15 januari\u201315 mars om det uppst\u00e5r en befarad effektbrist&hellip;\n","protected":false},"author":2,"featured_media":129313,"comment_status":"","ping_status":"","sticky":false,"template":"","format":"standard","meta":{"footnotes":""},"categories":[65],"tags":[72,70,71,34,31,33,32,30],"class_list":{"0":"post-129312","1":"post","2":"type-post","3":"status-publish","4":"format-standard","5":"has-post-thumbnail","7":"category-ekonomi","8":"tag-business","9":"tag-economy","10":"tag-ekonomi","11":"tag-se","12":"tag-svenska","13":"tag-sverige","14":"tag-sweden","15":"tag-swedish"},"share_on_mastodon":{"url":"https:\/\/pubeurope.com\/@se\/115858664474261271","error":""},"_links":{"self":[{"href":"https:\/\/www.europesays.com\/se\/wp-json\/wp\/v2\/posts\/129312","targetHints":{"allow":["GET"]}}],"collection":[{"href":"https:\/\/www.europesays.com\/se\/wp-json\/wp\/v2\/posts"}],"about":[{"href":"https:\/\/www.europesays.com\/se\/wp-json\/wp\/v2\/types\/post"}],"author":[{"embeddable":true,"href":"https:\/\/www.europesays.com\/se\/wp-json\/wp\/v2\/users\/2"}],"replies":[{"embeddable":true,"href":"https:\/\/www.europesays.com\/se\/wp-json\/wp\/v2\/comments?post=129312"}],"version-history":[{"count":0,"href":"https:\/\/www.europesays.com\/se\/wp-json\/wp\/v2\/posts\/129312\/revisions"}],"wp:featuredmedia":[{"embeddable":true,"href":"https:\/\/www.europesays.com\/se\/wp-json\/wp\/v2\/media\/129313"}],"wp:attachment":[{"href":"https:\/\/www.europesays.com\/se\/wp-json\/wp\/v2\/media?parent=129312"}],"wp:term":[{"taxonomy":"category","embeddable":true,"href":"https:\/\/www.europesays.com\/se\/wp-json\/wp\/v2\/categories?post=129312"},{"taxonomy":"post_tag","embeddable":true,"href":"https:\/\/www.europesays.com\/se\/wp-json\/wp\/v2\/tags?post=129312"}],"curies":[{"name":"wp","href":"https:\/\/api.w.org\/{rel}","templated":true}]}}