{"id":129325,"date":"2026-01-08T09:16:09","date_gmt":"2026-01-08T09:16:09","guid":{"rendered":"https:\/\/www.europesays.com\/se\/129325\/"},"modified":"2026-01-08T09:16:09","modified_gmt":"2026-01-08T09:16:09","slug":"experternas-lista-har-ar-skatterna-som-maste-skrotas-ohallbart","status":"publish","type":"post","link":"https:\/\/www.europesays.com\/se\/129325\/","title":{"rendered":"Experternas lista: H\u00e4r \u00e4r skatterna som m\u00e5ste skrotas \u2013 \u201dOh\u00e5llbart\u201d"},"content":{"rendered":"<p>\t\t\t\t\t<a href=\"https:\/\/www.tn.se\/det-svenska-skattetrycket\/\" rel=\"nofollow noopener\" target=\"_blank\"><br \/>\n\t\t\t\tDET SVENSKA SKATTETRYCKET<br \/>\n\t\t\t<\/a><\/p>\n<p>\t\t\t\t<img decoding=\"async\" class=\"figure-img img-fluid\"  src=\"https:\/\/www.europesays.com\/se\/wp-content\/uploads\/2026\/01\/1767863769_70_bilder.tn.se.jpeg\" alt=\"\" itemprop=\"image\"\/><\/p>\n<p>\t\t\t\t\t\t\t\t\tSkatteexperterna Johan Fall och \u00c5sa Hansson pekar ut skatterna som m\u00e5ste slopas eller rivas upp.<br \/>\n\t\t\t\t\t\t\t\t\t\t\t\t\tBild:<br \/>\n\t\t\t\t\tHenrik Montgomery\/TT, Stefan Tell, Pressbild\/Ratio<\/p>\n<p class=\"ew-preamble\" itemprop=\"description\">En miljard kronor i \u00f6kad administration \u2013 per \u00e5r. N\u00e5got m\u00e5ste g\u00f6ras \u00e5t EU:s minimiskatt, menar skatteexperterna Johan Fall och \u00c5sa Hansson, som \u00e4ven ser stora problem med en rad andra skatter. &#8221;N\u00e4r vi beh\u00f6ver s\u00e5 m\u00e5nga s\u00e4rregler \u00e4r det ett tecken p\u00e5 att grundsystemet inte fungerar&#8221;, s\u00e4ger \u00c5sa Hansson till TN.<\/p>\n<p>\n\t\tPublicerad:<br \/>\n\t\t8 jan 2026, 10:03\n\t<\/p>\n<p>\n\t\t\tUppdaterad:<br \/>\n\t\t\t8 jan 2026, 10:04\n\t\t<\/p>\n<p class=\"ew-body\">N\u00e4r EU:s minimiskatt inf\u00f6rdes var ambitionen att s\u00e4kra bolagsskatteint\u00e4kter i en globaliserad ekonomi. Utfallet har i st\u00e4llet blivit ett varnande exempel p\u00e5 \u00f6verreglering, menar Johan Fall, skattechef p\u00e5 Svenskt N\u00e4ringsliv. F\u00f6r svensk del ber\u00e4knas regelverket inneb\u00e4ra upp till en miljard kronor per \u00e5r i \u00f6kade administrativa kostnader \u2013 dubbelt s\u00e5 mycket som skatten v\u00e4ntas ge i faktiska int\u00e4kter.<\/p>\n<p class=\"ew-body\">\u2013 Vi har skapat ett system d\u00e4r administrationskostnaderna \u00f6verstiger skatteint\u00e4kterna. Det \u00e4r sv\u00e5rt att se hur det kan f\u00f6rsvaras samh\u00e4llsekonomiskt, s\u00e4ger Johan Fall, chef f\u00f6r skatteavdelningen p\u00e5 Svenskt N\u00e4ringsliv, till TN.<\/p>\n<p>AI-sammanfattning<\/p>\n<p class=\"ew-body\">EU:s minimiskatt skapar enligt Svenskt N\u00e4ringslivs skattechef Johan Fall orimligt h\u00f6ga administrativa kostnader i f\u00f6rh\u00e5llande till skatteint\u00e4kterna.<\/p>\n<p class=\"ew-body\">Han menar att systemet snedvrider konkurrensen eftersom EU g\u00e5r l\u00e4ngre \u00e4n m\u00e5nga andra delar av v\u00e4rlden med att g\u00f6ra reglerna bindande.<\/p>\n<p class=\"ew-body\">Fall pekar p\u00e5 att bolagsskatteint\u00e4kterna varit stabila \u00f6ver tid och att problemet ist\u00e4llet \u00e4r ett alltmer komplext och ineffektivt skattesystem.<\/p>\n<p class=\"ew-body\">Nationalekonomen \u00c5sa Hansson kritiserar att s\u00e5 stor del av beskattningen sker kommunalt, vilket f\u00f6rst\u00e4rker skillnaderna mellan ekonomiskt svaga och starka kommuner.<\/p>\n<p class=\"ew-body\">Hon vill att staten tar ett st\u00f6rre finansiellt ansvar f\u00f6r v\u00e4lf\u00e4rden, minskar skatten p\u00e5 arbete och i st\u00e4llet breddar skattebasen.<\/p>\n<p class=\"ew-body\">B\u00e5da experterna efterlyser en genomgripande skattereform och varnar f\u00f6r fortsatt \u201dlappande och lagande\u201d som g\u00f6r systemet mer komplext och mindre h\u00e5llbart.<\/p>\n<p>\t\t\t\t\t<a id=\"factbox__show-more\">L\u00e4s mer<\/a><\/p>\n<p class=\"ew-body\">Minimiskatten inneb\u00e4r att stora multinationella koncerner med en global oms\u00e4ttning \u00f6ver 750 miljoner euro ska betala minst 15 procent i bolagsskatt. Om beskattningen i ett land understiger denna niv\u00e5 kan en kompletterande skatt tas ut i ett annat. Regelverket bygger p\u00e5 OECD:s Pelare 2, men har inom EU gjorts bindande genom direktiv \u2013 trots att stora delar av v\u00e4rlden valt att inte fullt ut inf\u00f6ra motsvarande regler.<\/p>\n<p class=\"ew-body\">\u2013 Tanken var att detta skulle bli ett globalt system. N\u00e4r det inte blir s\u00e5 hamnar EU och Sverige i ett s\u00e4mre konkurrensl\u00e4ge \u00e4n omv\u00e4rlden, s\u00e4ger Johan Fall.<\/p>\n<p class=\"ew-body\">Argumentet bakom minimiskatten har ofta varit att bolagsskatten urholkats. Men enligt Fall visar statistiken n\u00e5got annat. Bolagsskatteint\u00e4kterna har varit stabila som andel av BNP i b\u00e5de Sverige och OECD-l\u00e4nderna under tre decennier.<\/p>\n<p class=\"ew-body\">\u2013 Problemet \u00e4r inte brist p\u00e5 int\u00e4kter, utan hur skattesystemet \u00e4r utformat och vilka incitament det skapar, s\u00e4ger han.<\/p>\n<p>        F\u00e4rdiga reformer som aldrig genomf\u00f6rs<\/p>\n<p class=\"ew-body\">Ut\u00f6ver minimiskatten pekar Johan Fall p\u00e5 flera n\u00f6dv\u00e4ndiga reformer som redan \u00e4r f\u00e4rdigutredda men som lagts p\u00e5 is. Det g\u00e4ller bland annat f\u00f6rb\u00e4ttrade r\u00e4nteavdragsregler och s\u00e4nkt bolagsskatt \u2013 f\u00f6rslag som passerat Lagr\u00e5det utan inv\u00e4ndningar.<\/p>\n<p class=\"ew-body\">\u2013 Det finns f\u00e4rdiga f\u00f6rslag p\u00e5 bordet. Startstr\u00e4ckan f\u00f6r regeringen borde vara mycket kort, s\u00e4ger han.<\/p>\n<p class=\"ew-body\">Johan Fall vill \u00e4ven se st\u00e4rkta FoU-incitament, l\u00e4gre skattekil p\u00e5 kvalificerad arbetskraft och en bredare momsbas. Enligt honom \u00e4r det nuvarande systemet on\u00f6digt komplext och dyrt att hantera.<\/p>\n<p class=\"ew-body\">Men kritiken stannar inte vid f\u00f6retagsbeskattningen. H\u00e4r tar resonemanget vid i n\u00e4sta led \u2013 d\u00e4r konsekvenserna av skattesystemet blir som mest p\u00e5tagliga \u2013 i kommunerna.<\/p>\n<p>        Kommunerna pressas av ett f\u00f6r\u00e5ldrat system<\/p>\n<p class=\"ew-body\">\u00c5sa Hansson, docent i nationalekonomi och knuten till forskningsinstitutet Ratio, menar att det svenska skattesystemet \u00e4r i behov av en rad grundl\u00e4ggande f\u00f6r\u00e4ndringar.<\/p>\n<p class=\"ew-body\">Hon pekar p\u00e5 att tyngdpunkten av beskattningen ligger p\u00e5 kommunal niv\u00e5 i form av beskattning av arbete, vilket i sin tur s\u00e4tter h\u00e5rd press p\u00e5 kommunerna n\u00e4r skatteunderlag och demografiutveckling skiljer sig kraftigt \u00e5t mellan olika delar av landet.<\/p>\n<p class=\"ew-body\">\u2013 Det \u00e4r orimligt att s\u00e5 mycket v\u00e4lf\u00e4rd ska finansieras lokalt n\u00e4r skattebaserna skiljer sig enormt mellan kommuner, menar \u00c5sa Hansson.<\/p>\n<p class=\"ew-body\">De v\u00e4xande skillnaderna i inkomster, demografi och befolkningsutveckling har ocks\u00e5 gjort det kommunala utj\u00e4mningssystemet allt mer komplext och omfattande.<\/p>\n<p class=\"ew-body\">\u2013 Fr\u00e5gan \u00e4r hur h\u00e5llbart det systemet \u00e4r, konstaterar Hansson.<\/p>\n<p class=\"ew-body\">I ett f\u00f6rs\u00f6k att lappa och laga de h\u00e4r stora skillnaderna har staten i \u00f6kad utstr\u00e4ckning valt att ge riktade bidrag, vilket skapar os\u00e4kerhet i den lokala planeringen.<\/p>\n<p class=\"ew-body\">\u2013 Riktade statsbidrag l\u00e5ter bra politiskt, men de g\u00f6r kommunernas planering sv\u00e5rare och gynnar dem som har b\u00e4st administrativ kapacitet, s\u00e4ger Hansson.<\/p>\n<p class=\"ew-body\">Hon menar d\u00e4rf\u00f6r att staten b\u00f6r ta ett st\u00f6rre ansvar f\u00f6r v\u00e4lf\u00e4rden \u2013 vilket skulle m\u00f6jligg\u00f6ra ett skift fr\u00e5n den mer skadliga beskattning av arbetsinkomster till en mindre skadlig skatt av konsumtion och \u00e4ven att nya skattebaser skulle kunna utnyttjas.<\/p>\n<p class=\"ew-body\">\u2013 Om staten tar ett st\u00f6rre finansiellt ansvar \u00f6ppnas m\u00f6jligheten att minska trycket p\u00e5 skatten p\u00e5 arbete, s\u00e4ger hon.<\/p>\n<p>        Nya skattebaser \u2013 bort fr\u00e5n arbete<\/p>\n<p class=\"ew-body\">Precis som Johan Fall pekar \u00c5sa Hansson ut skatten p\u00e5 arbete som s\u00e4rskilt skadlig f\u00f6r tillv\u00e4xt och r\u00f6rlighet.<\/p>\n<p class=\"ew-body\">Men f\u00f6r att kunna finansiera att staten p\u00e5 det h\u00e4r s\u00e4ttet avlastar kommunerna finns det ett behov av att bredda skattebaserna, snarare \u00e4n att h\u00f6ja befintliga skatter.<\/p>\n<p class=\"ew-body\">H\u00e4r pekar \u00c5sa Hansson p\u00e5 kommuner i norra Sverige som ofta dras med problem som minskande befolkning och d\u00e4rmed mindre skatteint\u00e4kter.<\/p>\n<p class=\"ew-body\">H\u00e4r skulle man ist\u00e4llet kunna beskatta resurser som vattenkraft, vindkraft och gruvor \u2013 eftersom detta \u00e4r verksamheter som ofta belastar kommuner genom infrastruktur- och bostadsinvesteringar \u2013 utan att int\u00e4kterna stannar lokalt.<\/p>\n<p class=\"ew-body\">\u2013 Naturresurser och fastigheter flyttar inte. D\u00e4rf\u00f6r \u00e4r de mer effektiva skattebaser \u00e4n arbete. Kommunerna tar \u00e4ven en v\u00e4ldigt stor risk vid stora industrietableringar. Om de fick tillbaka en del av v\u00e4rdet via skattsedeln skulle incitamenten se helt annorlunda ut, s\u00e4ger Hansson.<\/p>\n<p>        Gemensam slutsats: Systemet m\u00e5ste g\u00f6ras om<\/p>\n<p class=\"ew-body\">B\u00e5de Johan Fall och \u00c5sa Hansson menar att det m\u00e5ste bli ett slut p\u00e5 lappande och lagande av skattesystemet, vilket skapat b\u00e5de snedvridningar och v\u00e4xande kostnader.<\/p>\n<p class=\"ew-body\">\u2013 N\u00e4r vi beh\u00f6ver s\u00e5 m\u00e5nga s\u00e4rregler \u00e4r det ett tecken p\u00e5 att grundsystemet inte fungerar, s\u00e4ger \u00c5sa Hansson.<\/p>\n<p class=\"ew-body\">Johan Fall h\u00e5ller med \u2013 och \u00e5terkommer till minimiskatten som symbol f\u00f6r problemet.<\/p>\n<p class=\"ew-body\">\u2013 EU:s minimiskatt \u00e4r ett tydligt exempel p\u00e5 hur man l\u00e4gger nya lager av komplexitet ovanp\u00e5 ett redan sv\u00e5r\u00f6versk\u00e5dligt system. Det \u00e4r inte den v\u00e4gen Sverige beh\u00f6ver g\u00e5.<\/p>\n<p>\t\t\t\t\t\t\t\t\t<strong class=\"facts__subject\"\/><br \/>\n\t\t\t\t\t\t\tExperterna: H\u00e4r \u00e4r skatterna som b\u00f6r slopas eller g\u00f6ras om<\/p>\n<p class=\"ew-body\"><strong id=\"strong-b016d3d7e0bf209afa2642d4fcedb693\">EU:s minimiskatt (Pelare 2)<\/strong><\/p>\n<p class=\"ew-body\">B\u00f6r slopas. Mycket h\u00f6ga administrativa kostnader i f\u00f6rh\u00e5llande till int\u00e4kterna och risk f\u00f6r f\u00f6rs\u00e4mrad konkurrenskraft n\u00e4r skatten inte inf\u00f6rs globalt.<\/p>\n<p class=\"ew-body\"><strong id=\"strong-b83d2d613a976b1bdee58b62c0c8e361\">Bolagsbeskattningen (r\u00e4nteavdrag och niv\u00e5)<\/strong><\/p>\n<p class=\"ew-body\">F\u00e4rdigutredda reformer b\u00f6r genomf\u00f6ras. Nuvarande regler h\u00e4mmar investeringar och gynnar skuldfinansiering framf\u00f6r eget kapital.<\/p>\n<p class=\"ew-body\"><strong id=\"strong-2a0913f1702cdd3ddd18024ed6a41776\">Skatt p\u00e5 arbete<\/strong><\/p>\n<p class=\"ew-body\">F\u00f6r h\u00f6g och tillv\u00e4xth\u00e4mmande. Sl\u00e5r mot syssels\u00e4ttning, r\u00f6rlighet och kommuner med svag skattebas. B\u00f6r s\u00e4nkas eller v\u00e4xlas mot andra skatter.<\/p>\n<p class=\"ew-body\"><strong id=\"strong-b1880742cffbd333f24f9787fee5021c\">FoU- och kompetensbeskattning<\/strong><\/p>\n<p class=\"ew-body\">Skatteincitament f\u00f6r forskning och kvalificerad arbetskraft beh\u00f6ver st\u00e4rkas f\u00f6r att m\u00f6ta internationell konkurrens.<\/p>\n<p class=\"ew-body\"><strong id=\"strong-9abeb7f80dc2e7ba5a4a82c5bc9b6aaa\">Moms (undantag och komplexitet)<\/strong><\/p>\n<p class=\"ew-body\">Bredare momsbas med f\u00e4rre undantag f\u00f6r att minska snedvridningar och h\u00f6ga administrativa kostnader.<\/p>\n<p class=\"ew-body\"><strong id=\"strong-37f0e56886f95c03b2c06bb02a2d667b\">Fastigheter och naturresurser<\/strong><\/p>\n<p class=\"ew-body\">Mindre r\u00f6rliga skattebaser som kan beskattas mer f\u00f6r att avlasta arbete och minska trycket p\u00e5 kommunal utj\u00e4mning.<\/p>\n<p>\n\t\tPublicerad:<br \/>\n\t\t8 jan 2026, 10:03\n\t<\/p>\n<p>\n\t\t\tUppdaterad:<br \/>\n\t\t\t8 jan 2026, 10:04\n\t\t<\/p>\n","protected":false},"excerpt":{"rendered":"DET SVENSKA SKATTETRYCKET Skatteexperterna Johan Fall och \u00c5sa Hansson pekar ut skatterna som m\u00e5ste slopas eller rivas upp.&hellip;\n","protected":false},"author":2,"featured_media":129326,"comment_status":"","ping_status":"","sticky":false,"template":"","format":"standard","meta":{"footnotes":""},"categories":[65],"tags":[72,70,71,34,31,33,32,30],"class_list":{"0":"post-129325","1":"post","2":"type-post","3":"status-publish","4":"format-standard","5":"has-post-thumbnail","7":"category-ekonomi","8":"tag-business","9":"tag-economy","10":"tag-ekonomi","11":"tag-se","12":"tag-svenska","13":"tag-sverige","14":"tag-sweden","15":"tag-swedish"},"share_on_mastodon":{"url":"https:\/\/pubeurope.com\/@se\/115858727480762161","error":""},"_links":{"self":[{"href":"https:\/\/www.europesays.com\/se\/wp-json\/wp\/v2\/posts\/129325","targetHints":{"allow":["GET"]}}],"collection":[{"href":"https:\/\/www.europesays.com\/se\/wp-json\/wp\/v2\/posts"}],"about":[{"href":"https:\/\/www.europesays.com\/se\/wp-json\/wp\/v2\/types\/post"}],"author":[{"embeddable":true,"href":"https:\/\/www.europesays.com\/se\/wp-json\/wp\/v2\/users\/2"}],"replies":[{"embeddable":true,"href":"https:\/\/www.europesays.com\/se\/wp-json\/wp\/v2\/comments?post=129325"}],"version-history":[{"count":0,"href":"https:\/\/www.europesays.com\/se\/wp-json\/wp\/v2\/posts\/129325\/revisions"}],"wp:featuredmedia":[{"embeddable":true,"href":"https:\/\/www.europesays.com\/se\/wp-json\/wp\/v2\/media\/129326"}],"wp:attachment":[{"href":"https:\/\/www.europesays.com\/se\/wp-json\/wp\/v2\/media?parent=129325"}],"wp:term":[{"taxonomy":"category","embeddable":true,"href":"https:\/\/www.europesays.com\/se\/wp-json\/wp\/v2\/categories?post=129325"},{"taxonomy":"post_tag","embeddable":true,"href":"https:\/\/www.europesays.com\/se\/wp-json\/wp\/v2\/tags?post=129325"}],"curies":[{"name":"wp","href":"https:\/\/api.w.org\/{rel}","templated":true}]}}