{"id":129347,"date":"2026-01-08T09:32:14","date_gmt":"2026-01-08T09:32:14","guid":{"rendered":"https:\/\/www.europesays.com\/se\/129347\/"},"modified":"2026-01-08T09:32:14","modified_gmt":"2026-01-08T09:32:14","slug":"bekraftat-eli-lilly-forvarvar-ventyx","status":"publish","type":"post","link":"https:\/\/www.europesays.com\/se\/129347\/","title":{"rendered":"Bekr\u00e4ftat: Eli Lilly f\u00f6rv\u00e4rvar Ventyx"},"content":{"rendered":"<p>Det amerikanska l\u00e4kemedelsbolaget Eli Lilly bekr\u00e4ftar nu att man f\u00f6rv\u00e4rvar bioteknikbolaget Ventyx Biosciences f\u00f6r \u00f6ver 1 miljard dollar.\u00a0<\/p>\n<p>            den 8 januari 2026 09:54<\/p>\n<p>Beskedet kommer sedan\u00a0k\u00e4llor med insyn i saken uppgett f\u00f6r Wall Street Journal att en aff\u00e4r kan presenteras inom kort.<\/p>\n<p>Ventyx utvecklar l\u00e4kemedel i tablettform mot inflammatoriska sjukdomar som Crohns sjukdom och reumatoid artrit, med potentiell bredd mot neurodegenerativa och hj\u00e4rtrelaterade tillst\u00e5nd. Ett uppk\u00f6p st\u00e4rker Eli Lillys portf\u00f6lj inom autoimmuna sjukdomar, fetma och n\u00e4rliggande omr\u00e5den.<\/p>\n<p>\n                        Ja, tack! Jag vill prenumerera p\u00e5 Life science Sweden under 1 m\u00e5nad. Ingen bindningstid Du f\u00e5r bland annat tillg\u00e5ng till e-tidning, nyhetsbrev och plusartiklar p\u00e5 hemsidan\n                    <\/p>\n<p>\n                    F\u00e5 tillg\u00e5ng till allt inneh\u00e5ll p\u00e5 Life Science Sweden\n                <\/p>\n<p>\n                    Ingen bindningstid eller kortinformation kr\u00e4vs\n                <\/p>\n<p>\n                        G\u00e4ller endast personlig prenumeration.\n                    <\/p>\n<p>                                            <a v-for=\"(project, index) in projects\" v-show=\"index &lt; max || showAll\" v-bind:href=\"'https:\/\/www.projektagenten.se\/project\/' + project.id\" target=\"_blank\" class=\"article-project\"><\/p>\n<p>                                                {{ project.name }}<br \/>\n                                                L\u00e4s om projektet<br \/>\n                                            <\/a><\/p>\n<p>                                                Alla relaterade projekt<\/p>\n","protected":false},"excerpt":{"rendered":"Det amerikanska l\u00e4kemedelsbolaget Eli Lilly bekr\u00e4ftar nu att man f\u00f6rv\u00e4rvar bioteknikbolaget Ventyx Biosciences f\u00f6r \u00f6ver 1 miljard dollar.\u00a0&hellip;\n","protected":false},"author":2,"featured_media":129348,"comment_status":"","ping_status":"","sticky":false,"template":"","format":"standard","meta":{"footnotes":""},"categories":[65],"tags":[72,70,71,34,31,33,32,30],"class_list":{"0":"post-129347","1":"post","2":"type-post","3":"status-publish","4":"format-standard","5":"has-post-thumbnail","7":"category-ekonomi","8":"tag-business","9":"tag-economy","10":"tag-ekonomi","11":"tag-se","12":"tag-svenska","13":"tag-sverige","14":"tag-sweden","15":"tag-swedish"},"share_on_mastodon":{"url":"https:\/\/pubeurope.com\/@se\/115858790329550940","error":""},"_links":{"self":[{"href":"https:\/\/www.europesays.com\/se\/wp-json\/wp\/v2\/posts\/129347","targetHints":{"allow":["GET"]}}],"collection":[{"href":"https:\/\/www.europesays.com\/se\/wp-json\/wp\/v2\/posts"}],"about":[{"href":"https:\/\/www.europesays.com\/se\/wp-json\/wp\/v2\/types\/post"}],"author":[{"embeddable":true,"href":"https:\/\/www.europesays.com\/se\/wp-json\/wp\/v2\/users\/2"}],"replies":[{"embeddable":true,"href":"https:\/\/www.europesays.com\/se\/wp-json\/wp\/v2\/comments?post=129347"}],"version-history":[{"count":0,"href":"https:\/\/www.europesays.com\/se\/wp-json\/wp\/v2\/posts\/129347\/revisions"}],"wp:featuredmedia":[{"embeddable":true,"href":"https:\/\/www.europesays.com\/se\/wp-json\/wp\/v2\/media\/129348"}],"wp:attachment":[{"href":"https:\/\/www.europesays.com\/se\/wp-json\/wp\/v2\/media?parent=129347"}],"wp:term":[{"taxonomy":"category","embeddable":true,"href":"https:\/\/www.europesays.com\/se\/wp-json\/wp\/v2\/categories?post=129347"},{"taxonomy":"post_tag","embeddable":true,"href":"https:\/\/www.europesays.com\/se\/wp-json\/wp\/v2\/tags?post=129347"}],"curies":[{"name":"wp","href":"https:\/\/api.w.org\/{rel}","templated":true}]}}