{"id":129351,"date":"2026-01-08T09:40:08","date_gmt":"2026-01-08T09:40:08","guid":{"rendered":"https:\/\/www.europesays.com\/se\/129351\/"},"modified":"2026-01-08T09:40:08","modified_gmt":"2026-01-08T09:40:08","slug":"google-kor-om-apple-forsta-gangen-sedan-2019","status":"publish","type":"post","link":"https:\/\/www.europesays.com\/se\/129351\/","title":{"rendered":"Google k\u00f6r om Apple \u2013 f\u00f6rsta g\u00e5ngen sedan 2019"},"content":{"rendered":"<p>share-arrowDela<\/p>\n<p>unsaveSpara<\/p>\n<p>expand-left<\/p>\n<p>helsk\u00e4rm<img decoding=\"async\" class=\"image-asset hyperion-css-u06ts1\" data-test-tag=\"image-asset\" src=\"https:\/\/www.europesays.com\/se\/wp-content\/uploads\/2026\/01\/9d165244-125e-41d0-8ddb-af42e7d2d710.jpeg\"  alt=\"Google-\u00e4garen Alphabet \u00e4r f\u00f6r f\u00f6rsta g\u00e5ngen sedan 2019 mer v\u00e4rt \u00e4n Iphonetillverkaren Apple. Arkivbild\"  loading=\"eager\" fetchpriority=\"high\" style=\"aspect-ratio:1900 \/ 1267\"\/>Google-\u00e4garen Alphabet \u00e4r f\u00f6r f\u00f6rsta g\u00e5ngen sedan 2019 mer v\u00e4rt \u00e4n Iphonetillverkaren Apple. Arkivbild Foto: Richard Drew AP\/TT<\/p>\n<p class=\"hyperion-css-1shl3oz\" data-test-tag=\"lead-text\">Google-\u00e4garen Alphabet har f\u00f6r f\u00f6rsta g\u00e5ngen sedan 2019 k\u00f6rt om Iphonetillverkaren Apple n\u00e4r det g\u00e4ller b\u00f6rsv\u00e4rde.<\/p>\n<p class=\"hyperion-css-1shl3oz\" data-test-tag=\"lead-text\">Men chiptillverkaren och AI-vinnaren Nvidia \u00e4r \u2013 trots ett kursfall p\u00e5 8 procent p\u00e5 lite drygt tv\u00e5 m\u00e5nader \u2013 ohotad etta.<\/p>\n<p class=\"hyperion-css-1v9qo5x\">Alphabets slutkurs p\u00e5 drygt 322 dollar per aktie p\u00e5 Wall Street i onsdags inneb\u00e4r ett samlat b\u00f6rsv\u00e4rde p\u00e5 3\u00a0892 miljarder dollar (cirka 35\u00a0920 miljarder kronor). Det kan j\u00e4mf\u00f6ras med den tidigare tv\u00e5ans Apples b\u00f6rsv\u00e4rde p\u00e5 3\u00a0863 miljarder dollar.<\/p>\n<p class=\"hyperion-css-1v9qo5x\">Nvidia, kvar som nummer ett i b\u00f6rsv\u00e4rde, var p\u00e5 kursen 189,10 dollar per aktie samtidigt v\u00e4rderat till 4\u00a0604 miljarder dollar. Detta \u00e4r en \u00f6kning fr\u00e5n cirka 350 miljarder dollar f\u00f6r tre \u00e5r sedan.<\/p>\n<p class=\"hyperion-css-1v9qo5x\">Nedg\u00e5ngen p\u00e5 8 procent f\u00f6r Nvidia sedan den historiska kurstoppen i slutet av oktober i fjol h\u00e4nger samman med en \u00f6kad oro f\u00f6r att alla AI-investeringar p\u00e5 senare tid i sj\u00e4lva verket har bl\u00e5st upp en finansiell bubbla.<\/p>\n<p class=\"hyperion-css-1v9qo5x\">Nvidia utmanas \u00e4ven allt h\u00e5rdare i racet om satsningar p\u00e5 AI av konkurrenter som Advanced Micro Devices samt Alphabet och Amazon.<\/p>\n","protected":false},"excerpt":{"rendered":"share-arrowDela unsaveSpara expand-left helsk\u00e4rmGoogle-\u00e4garen Alphabet \u00e4r f\u00f6r f\u00f6rsta g\u00e5ngen sedan 2019 mer v\u00e4rt \u00e4n Iphonetillverkaren Apple. Arkivbild Foto:&hellip;\n","protected":false},"author":2,"featured_media":129352,"comment_status":"","ping_status":"","sticky":false,"template":"","format":"standard","meta":{"footnotes":""},"categories":[65],"tags":[72,70,71,34,31,33,32,30],"class_list":{"0":"post-129351","1":"post","2":"type-post","3":"status-publish","4":"format-standard","5":"has-post-thumbnail","7":"category-ekonomi","8":"tag-business","9":"tag-economy","10":"tag-ekonomi","11":"tag-se","12":"tag-svenska","13":"tag-sverige","14":"tag-sweden","15":"tag-swedish"},"share_on_mastodon":{"url":"https:\/\/pubeurope.com\/@se\/115858821804395234","error":""},"_links":{"self":[{"href":"https:\/\/www.europesays.com\/se\/wp-json\/wp\/v2\/posts\/129351","targetHints":{"allow":["GET"]}}],"collection":[{"href":"https:\/\/www.europesays.com\/se\/wp-json\/wp\/v2\/posts"}],"about":[{"href":"https:\/\/www.europesays.com\/se\/wp-json\/wp\/v2\/types\/post"}],"author":[{"embeddable":true,"href":"https:\/\/www.europesays.com\/se\/wp-json\/wp\/v2\/users\/2"}],"replies":[{"embeddable":true,"href":"https:\/\/www.europesays.com\/se\/wp-json\/wp\/v2\/comments?post=129351"}],"version-history":[{"count":0,"href":"https:\/\/www.europesays.com\/se\/wp-json\/wp\/v2\/posts\/129351\/revisions"}],"wp:featuredmedia":[{"embeddable":true,"href":"https:\/\/www.europesays.com\/se\/wp-json\/wp\/v2\/media\/129352"}],"wp:attachment":[{"href":"https:\/\/www.europesays.com\/se\/wp-json\/wp\/v2\/media?parent=129351"}],"wp:term":[{"taxonomy":"category","embeddable":true,"href":"https:\/\/www.europesays.com\/se\/wp-json\/wp\/v2\/categories?post=129351"},{"taxonomy":"post_tag","embeddable":true,"href":"https:\/\/www.europesays.com\/se\/wp-json\/wp\/v2\/tags?post=129351"}],"curies":[{"name":"wp","href":"https:\/\/api.w.org\/{rel}","templated":true}]}}