{"id":129380,"date":"2026-01-08T10:06:16","date_gmt":"2026-01-08T10:06:16","guid":{"rendered":"https:\/\/www.europesays.com\/se\/129380\/"},"modified":"2026-01-08T10:06:16","modified_gmt":"2026-01-08T10:06:16","slug":"nya-amnesprofiler-infor-hostterminen-2026-dans-innebandy-och-it","status":"publish","type":"post","link":"https:\/\/www.europesays.com\/se\/129380\/","title":{"rendered":"Nya \u00e4mnesprofiler inf\u00f6r h\u00f6stterminen 2026 \u2013 Dans, Innebandy och IT"},"content":{"rendered":"<p><a target=\"_blank\" href=\"https:\/\/press.skurup.se\/posts\/pressreleases\/nya-amnesprofiler-infor-hostterminen-2026-dan\" rel=\"nofollow noopener\"><img decoding=\"async\" class=\"image\" src=\"https:\/\/www.europesays.com\/se\/wp-content\/uploads\/2026\/01\/hgZg9RlK8NaSCv6447gW.webp\" alt=\"Innebandyspelare, domare i bakgrunden\"\/>Innebandyspelare<\/a><\/p>\n<p>Skurups kommun satsar p\u00e5 att ge elever fler m\u00f6jligheter att utveckla sina intressen och talanger. Inf\u00f6r h\u00f6stterminen 2026 introduceras tre nya profilutbildningar: Estetisk profil \u2013 Dans, Innebandyprofil och IT-profil med fokus p\u00e5 entrepren\u00f6rskap. Dessutom forts\u00e4tter den popul\u00e4ra Fotbollsakademin i samarbete med Malm\u00f6 FF.<\/p>\n<p>Estetisk profil \u2013 dans<\/p>\n<p>V\u00e4ster\u00e4ngsskolan erbjuder en estetisk profil inom dans i samarbete med Kulturskolan. H\u00e4r f\u00e5r elever m\u00f6jlighet att kombinera sina studier med danstr\u00e4ning under skoltid. Ut\u00f6ver ordinarie undervisning ing\u00e5r tv\u00e5 danspass per vecka med professionella instrukt\u00f6rer.<\/p>\n<p>Dansprofilen ger eleverna chans att utveckla b\u00e5de teknik och uttrycksf\u00f6rm\u00e5ga genom varierade stilar som klassisk balett, streetdans och jazzdans. Syftet \u00e4r att st\u00e4rka fysisk och psykisk h\u00e4lsa, kreativitet och social utveckling. Alla dansintresserade elever \u00e4r v\u00e4lkomna att anm\u00e4la sig. Uttagning sker i januari.<\/p>\n<p>Idrottsprofil<\/p>\n<p>I samarbete med Skurups Innebandyklubb (SIBK) erbjuder V\u00e4ster\u00e4ngsskolan en idrottsprofil inom innebandy. Eleverna f\u00e5r tv\u00e5 tr\u00e4ningstillf\u00e4llen per vecka med licensierade instrukt\u00f6rer fr\u00e5n SIBK. Profilen fokuserar p\u00e5 teknik och spelf\u00f6rst\u00e5else, fysisk tr\u00e4ning och kamratskap. All utrustning ing\u00e5r och tr\u00e4ningarna sker i en trygg och motiverande milj\u00f6.<\/p>\n<p>IT-profil med entrepren\u00f6rskap<\/p>\n<p>Inf\u00f6r n\u00e4sta l\u00e4s\u00e5r lanserar Rydsg\u00e5rdsskolan en IT-profil med fokus p\u00e5 entrepren\u00f6rskap i samarbete med Ung F\u00f6retagsamhet (UF). Eleverna f\u00e5r m\u00f6jlighet att delta i skolhackaton, arbeta med 3D-skrivare och att utveckla kunskaper i programmering. M\u00e5let \u00e4r att inspirera till kreativitet, probleml\u00f6sning och digitalt entrepren\u00f6rskap.<\/p>\n<p>Fotbollsakademin \u2013 Malm\u00f6 FF<\/p>\n<p>Fotbollsakademin forts\u00e4tter att ge elever m\u00f6jlighet att kombinera skola med fotbollstr\u00e4ning. Tre pass per vecka leds av skolans l\u00e4rare och instrukt\u00f6rer fr\u00e5n Malm\u00f6 FF. Uttagning sker i januari och februari.<\/p>\n<p>\u00a0<\/p>\n<p><a target=\"_blank\" class=\"btn btn-green me-2 mt-1\" href=\"https:\/\/press.skurup.se\/posts\/pressreleases\/nya-amnesprofiler-infor-hostterminen-2026-dan\" rel=\"nofollow noopener\">Read post on Skurups kommun  newsroom<\/a><a target=\"_blank\" class=\"btn btn-green mt-1\" href=\"https:\/\/press.skurup.se\" rel=\"nofollow noopener\">Visit Skurups kommun  newsroom<\/a><\/p>\n","protected":false},"excerpt":{"rendered":"Innebandyspelare Skurups kommun satsar p\u00e5 att ge elever fler m\u00f6jligheter att utveckla sina intressen och talanger. Inf\u00f6r h\u00f6stterminen&hellip;\n","protected":false},"author":2,"featured_media":129381,"comment_status":"","ping_status":"","sticky":false,"template":"","format":"standard","meta":{"footnotes":""},"categories":[12],"tags":[22,23,26,27,17,21,24,25,28,29,15,16,18,34,31,33,32,30,19,20],"class_list":{"0":"post-129380","1":"post","2":"type-post","3":"status-publish","4":"format-standard","5":"has-post-thumbnail","7":"category-sverige","8":"tag-breaking-news","9":"tag-breakingnews","10":"tag-featured-news","11":"tag-featurednews","12":"tag-headlines","13":"tag-huvudnyheter","14":"tag-latest-news","15":"tag-latestnews","16":"tag-main-news","17":"tag-mainnews","18":"tag-news","19":"tag-nyheter","20":"tag-rubriker","21":"tag-se","22":"tag-svenska","23":"tag-sverige","24":"tag-sweden","25":"tag-swedish","26":"tag-top-stories","27":"tag-topstories"},"share_on_mastodon":{"url":"https:\/\/pubeurope.com\/@se\/115858924103312223","error":""},"_links":{"self":[{"href":"https:\/\/www.europesays.com\/se\/wp-json\/wp\/v2\/posts\/129380","targetHints":{"allow":["GET"]}}],"collection":[{"href":"https:\/\/www.europesays.com\/se\/wp-json\/wp\/v2\/posts"}],"about":[{"href":"https:\/\/www.europesays.com\/se\/wp-json\/wp\/v2\/types\/post"}],"author":[{"embeddable":true,"href":"https:\/\/www.europesays.com\/se\/wp-json\/wp\/v2\/users\/2"}],"replies":[{"embeddable":true,"href":"https:\/\/www.europesays.com\/se\/wp-json\/wp\/v2\/comments?post=129380"}],"version-history":[{"count":0,"href":"https:\/\/www.europesays.com\/se\/wp-json\/wp\/v2\/posts\/129380\/revisions"}],"wp:featuredmedia":[{"embeddable":true,"href":"https:\/\/www.europesays.com\/se\/wp-json\/wp\/v2\/media\/129381"}],"wp:attachment":[{"href":"https:\/\/www.europesays.com\/se\/wp-json\/wp\/v2\/media?parent=129380"}],"wp:term":[{"taxonomy":"category","embeddable":true,"href":"https:\/\/www.europesays.com\/se\/wp-json\/wp\/v2\/categories?post=129380"},{"taxonomy":"post_tag","embeddable":true,"href":"https:\/\/www.europesays.com\/se\/wp-json\/wp\/v2\/tags?post=129380"}],"curies":[{"name":"wp","href":"https:\/\/api.w.org\/{rel}","templated":true}]}}