{"id":129389,"date":"2026-01-08T10:14:09","date_gmt":"2026-01-08T10:14:09","guid":{"rendered":"https:\/\/www.europesays.com\/se\/129389\/"},"modified":"2026-01-08T10:14:09","modified_gmt":"2026-01-08T10:14:09","slug":"just-nu-lastbil-har-kort-in-i-vajerracke-pa-e18-vagen-avstangd-slagit-knut-pa-sig-sjalv-nwt","status":"publish","type":"post","link":"https:\/\/www.europesays.com\/se\/129389\/","title":{"rendered":"JUST NU: Lastbil har k\u00f6rt in i vajerr\u00e4cke p\u00e5 E18 \u2013 v\u00e4gen avst\u00e4ngd: \u201dSlagit knut p\u00e5 sig sj\u00e4lv\u201d &#8211; NWT"},"content":{"rendered":"<ol>\n<li><a href=\"https:\/\/news.google.com\/rss\/articles\/CBMitwFBVV95cUxQZWZwOFR4ZjE4d0gzMWVRaS1waXpoaERIRGRVeUMtdjZxc3dhaWpTY016cHBITGdOZDBPMXJ2VHFsc3NldmIzSUN6V2Z3LUY2QS1qd1V2b1NTVXdHUTdBbXVad0hlZXBPc2hVTUZDZzY0ZEo2a2w3ODE2VUJ5NDVFWmhkMUtHeXJSMnJMek5tYXNoRGZKbHdHc0dwS2FPLUV2ZUd2Sm5wTTc1RHlLUnFuLVVXNmFaSUk?oc=5\" target=\"_blank\" rel=\"nofollow noopener\">JUST NU: Lastbil har k\u00f6rt in i vajerr\u00e4cke p\u00e5 E18 \u2013 v\u00e4gen avst\u00e4ngd: \u201dSlagit knut p\u00e5 sig sj\u00e4lv\u201d<\/a>&nbsp;&nbsp;NWT<\/li>\n<li><a href=\"https:\/\/news.google.com\/rss\/articles\/CBMiowFBVV95cUxPNDlFMU1KaE9wazRWV0ZsSXItcG96YnpETTBINVI4bW1QMGYtaDJyUEF5TThLakd4TWFBOGdHLWh5elZ1T3hveUc0X3FNd3lDQnBWNTRGdHNmOHRJclZNZFdocUVRb2U1akVXY2c3bGJiNmJlVHo1RmZDRkd5a2RSb3VNLUZiSlBmc2N5ZnRSZEoyZzF4SXA1MkkyNDFLYmx0Zll3?oc=5\" target=\"_blank\" rel=\"nofollow noopener\">JUST NU: Lastbil har k\u00f6rt in i vajerr\u00e4cke p\u00e5 E18: \u201dSlagit knut p\u00e5 sig sj\u00e4lv\u201d<\/a>&nbsp;&nbsp;NWT<\/li>\n<li><a href=\"https:\/\/news.google.com\/rss\/articles\/CBMikAFBVV95cUxPcXBEWkhqd3lRU2dYOUdJVVdFamdNRGJvWUtCSGdZeUtsSHZNMlo3dFNuZnNrVG1qQmFOZTBFeHJJR1dEY1UxS2F5NjR1bUZwWWM4Z2M0RU1wbHpoeDY4ejhtY2VnLVV1OEZ5VlVlaEtHdS1OUTNfMjl5Vk0xcmNlTzBpSHNWREhjc0RhX0JJTFo?oc=5\" target=\"_blank\" rel=\"nofollow noopener\">E18 mot \u00d6rebro avst\u00e4ngd efter olycka i Karlskoga \u2013 V\u00e4der- och trafikl\u00e4get i landet<\/a>&nbsp;&nbsp;SVT Nyheter<\/li>\n<li><a href=\"https:\/\/news.google.com\/rss\/articles\/CBMiigFBVV95cUxOTnNkZ0FXNzdRVnllTXg5ZkwyMkcyZWxDQlkzVGRNQUlKQXE5aTRWLXdxV2d6NUxwWDh4ZHlaUHRmNHV6Vjlxc2k0LXd3WWxyUUVuVEVzaE8tcXFqVGh2cG1pUVZIYUN1SUJHcFJmYklTUVhHaWh4d2VsamZ6TjlLejlJQWp6WVVoZEE?oc=5\" target=\"_blank\" rel=\"nofollow noopener\">Stopp p\u00e5 E18<\/a>&nbsp;&nbsp;Aftonbladet<\/li>\n<li><a href=\"https:\/\/news.google.com\/rss\/articles\/CBMibkFVX3lxTE9DVnV1RlRHeTZxVXJzNm4tdC1GdGpoTEJfeUZFQldfLV9MZG4ySmY5YTRuM3NtLUNCanI3LUVzVmxMVllQa19YNm9zdC1lUmdYQUozcVA5aTFVMHI5OVBDTkc5dVFxN2dOY2h0cldR?oc=5\" target=\"_blank\" rel=\"nofollow noopener\">Stopp p\u00e5 E18 hela natten &#8211; Studio Ett<\/a>&nbsp;&nbsp;Sveriges Radio<\/li>\n<\/ol>\n","protected":false},"excerpt":{"rendered":"JUST NU: Lastbil har k\u00f6rt in i vajerr\u00e4cke p\u00e5 E18 \u2013 v\u00e4gen avst\u00e4ngd: \u201dSlagit knut p\u00e5 sig sj\u00e4lv\u201d&nbsp;&nbsp;NWT&hellip;\n","protected":false},"author":2,"featured_media":128076,"comment_status":"","ping_status":"","sticky":false,"template":"","format":"standard","meta":{"footnotes":""},"categories":[12],"tags":[22,23,26,27,17,21,24,25,28,29,15,16,18,34,31,33,32,30,19,20],"class_list":{"0":"post-129389","1":"post","2":"type-post","3":"status-publish","4":"format-standard","5":"has-post-thumbnail","7":"category-sverige","8":"tag-breaking-news","9":"tag-breakingnews","10":"tag-featured-news","11":"tag-featurednews","12":"tag-headlines","13":"tag-huvudnyheter","14":"tag-latest-news","15":"tag-latestnews","16":"tag-main-news","17":"tag-mainnews","18":"tag-news","19":"tag-nyheter","20":"tag-rubriker","21":"tag-se","22":"tag-svenska","23":"tag-sverige","24":"tag-sweden","25":"tag-swedish","26":"tag-top-stories","27":"tag-topstories"},"share_on_mastodon":{"url":"https:\/\/pubeurope.com\/@se\/115858955606482957","error":""},"_links":{"self":[{"href":"https:\/\/www.europesays.com\/se\/wp-json\/wp\/v2\/posts\/129389","targetHints":{"allow":["GET"]}}],"collection":[{"href":"https:\/\/www.europesays.com\/se\/wp-json\/wp\/v2\/posts"}],"about":[{"href":"https:\/\/www.europesays.com\/se\/wp-json\/wp\/v2\/types\/post"}],"author":[{"embeddable":true,"href":"https:\/\/www.europesays.com\/se\/wp-json\/wp\/v2\/users\/2"}],"replies":[{"embeddable":true,"href":"https:\/\/www.europesays.com\/se\/wp-json\/wp\/v2\/comments?post=129389"}],"version-history":[{"count":0,"href":"https:\/\/www.europesays.com\/se\/wp-json\/wp\/v2\/posts\/129389\/revisions"}],"wp:featuredmedia":[{"embeddable":true,"href":"https:\/\/www.europesays.com\/se\/wp-json\/wp\/v2\/media\/128076"}],"wp:attachment":[{"href":"https:\/\/www.europesays.com\/se\/wp-json\/wp\/v2\/media?parent=129389"}],"wp:term":[{"taxonomy":"category","embeddable":true,"href":"https:\/\/www.europesays.com\/se\/wp-json\/wp\/v2\/categories?post=129389"},{"taxonomy":"post_tag","embeddable":true,"href":"https:\/\/www.europesays.com\/se\/wp-json\/wp\/v2\/tags?post=129389"}],"curies":[{"name":"wp","href":"https:\/\/api.w.org\/{rel}","templated":true}]}}