{"id":129410,"date":"2026-01-08T10:31:10","date_gmt":"2026-01-08T10:31:10","guid":{"rendered":"https:\/\/www.europesays.com\/se\/129410\/"},"modified":"2026-01-08T10:31:10","modified_gmt":"2026-01-08T10:31:10","slug":"svenska-kraftnat-tecknar-avtal-om-en-strategisk-reserv","status":"publish","type":"post","link":"https:\/\/www.europesays.com\/se\/129410\/","title":{"rendered":"Svenska kraftn\u00e4t tecknar avtal om en strategisk reserv"},"content":{"rendered":"<p>&#13;<br \/>\n                &#13;<br \/>\n&#13;<br \/>\n&#13;<br \/>\n&#13;<br \/>\n&#13;<br \/>\n&#13;<br \/>\n&#13;<br \/>\n&#13;<br \/>\n&#13;<br \/>\n&#13;<\/p>\n<p>&#13;<br \/>\n        Idag, 08.12&#13;\n    <\/p>\n<p>&#13;<\/p>\n<p class=\"lead margin-top-sm\">Svenska kraftn\u00e4t tecknar idag torsdag avtal om en strategisk reserv f\u00f6r innevarande vinter med tv\u00e5 olika elproducenter p\u00e5 sammanlagt 350 MW.<br \/>\n\u201dArbetet att f\u00e5 en strategisk reserv p\u00e5 plats har haft h\u00f6gsta prioritet och jag \u00e4r mycket n\u00f6jd att vi nu har lyckats med detta\u201d, s\u00e4ger Thomas P\u00e5lsson, generaldirekt\u00f6r, Svenska kraftn\u00e4t.<\/p>\n<p>&#13;<\/p>\n<p>Den strategiska reserven avser perioden 15 januari till och med 15 mars. Reserven kan aktiveras av Svenska kraftn\u00e4t f\u00f6r att hindra att en effektbristsituation intr\u00e4ffar, till exempel om elf\u00f6rbrukningen \u00f6verstiger tillg\u00e5ngen p\u00e5 el en mycket kall vinterdag.<\/p>\n<p>Svenska kraftn\u00e4t har tr\u00e4ffat avtal med Sydkraft avseende Karlhamnsverket i Blekinge p\u00e5 330 MW och M\u00e4larenergi avseende Aros G4 V\u00e4ster\u00e5s p\u00e5 20 MW.<\/p>\n<p>Svenska kraftn\u00e4ts tidigare f\u00f6rs\u00f6k att upphandla en strategisk reserv till denna vinter avbr\u00f6ts i oktober, d\u00e5 inga av anbuden kunde antas.\u00a0<\/p>\n<p>En ny metod<\/p>\n<p>\u2013 Nu har vi anv\u00e4nt en utvecklad metod f\u00f6r att bed\u00f6ma vad som \u00e4r kostnadseffektiva anbud, d\u00e4r de f\u00f6rsta MW har h\u00f6gre nytta \u00e4n de sista MW. Det m\u00f6jligg\u00f6r en minskning av volymen i upphandlingen f\u00f6r att uppn\u00e5 kostnadseffektivitet i \u00f6verensst\u00e4mmelse med regelverket, s\u00e4ger Eva Vitell, divisionschef System, Svenska kraftn\u00e4t.<\/p>\n<p>Hur mycket den strategiska reserven totalt f\u00e5r kosta och hur stor den maximalt f\u00e5r vara f\u00f6r den aktuella perioden \u00e4r densamma som under den f\u00f6reg\u00e5ende upphandlingen. N\u00e4mligen 96 miljoner kronor och 800 MW.<\/p>\n<p>Trygga elf\u00f6rs\u00f6rjningen<\/p>\n<p>Den strategiska reserven f\u00e5r bara aktiveras om Svenska kraftn\u00e4t bed\u00f6mer att det \u00e4r sannolikt att balansresurserna kommer att utt\u00f6mmas f\u00f6r att uppr\u00e4tta j\u00e4mvikt mellan tillg\u00e5ng och efterfr\u00e5gan p\u00e5 el. \u00a0<\/p>\n<p>\u2013 Vi har m\u00e5nga verktyg att ta till f\u00f6r att trygga elf\u00f6rs\u00f6rjningen, den strategiska reserven \u00e4r ett av dem. Vi forts\u00e4tter att utveckla verktyg f\u00f6r leveranss\u00e4kerhet, vilket bland annat omfattar olika systemtj\u00e4nster. Vi har ocks\u00e5 p\u00e5b\u00f6rjat arbetet med att s\u00e4kra strategiska reserver till kommande vintrar d\u00e5 elf\u00f6rbrukningen v\u00e4ntas \u00f6ka, s\u00e4ger Thomas P\u00e5lsson.<\/p>\n<p><a title=\"L\u00e4s mer om Svenska kraftn\u00e4ts verktyg f\u00f6r att s\u00e4kerst\u00e4lla drifts\u00e4kerheten.\" href=\"https:\/\/www.svk.se\/aktorsportalen\/bidra-med-reserver\/om-olika-reserver\/\" target=\"_top\" data-is-adjusted=\"true\" rel=\"nofollow noopener\">L\u00e4s mer om Svenska kraftn\u00e4ts verktyg f\u00f6r att s\u00e4kerst\u00e4lla drifts\u00e4kerheten.<\/a><\/p>\n<p>&#13;<br \/>\n                &#13;<br \/>\n&#13;<br \/>\n&#13;<\/p>\n","protected":false},"excerpt":{"rendered":"&#13; &#13; &#13; &#13; &#13; &#13; &#13; &#13; &#13; &#13; &#13; &#13; Idag, 08.12&#13; &#13; Svenska kraftn\u00e4t tecknar&hellip;\n","protected":false},"author":2,"featured_media":25178,"comment_status":"","ping_status":"","sticky":false,"template":"","format":"standard","meta":{"footnotes":""},"categories":[5],"tags":[22,23,26,27,17,21,24,25,28,29,15,16,18,34,31,33,32,30,19,20],"class_list":{"0":"post-129410","1":"post","2":"type-post","3":"status-publish","4":"format-standard","5":"has-post-thumbnail","7":"category-rubriker","8":"tag-breaking-news","9":"tag-breakingnews","10":"tag-featured-news","11":"tag-featurednews","12":"tag-headlines","13":"tag-huvudnyheter","14":"tag-latest-news","15":"tag-latestnews","16":"tag-main-news","17":"tag-mainnews","18":"tag-news","19":"tag-nyheter","20":"tag-rubriker","21":"tag-se","22":"tag-svenska","23":"tag-sverige","24":"tag-sweden","25":"tag-swedish","26":"tag-top-stories","27":"tag-topstories"},"share_on_mastodon":{"url":"https:\/\/pubeurope.com\/@se\/115859022283530785","error":""},"_links":{"self":[{"href":"https:\/\/www.europesays.com\/se\/wp-json\/wp\/v2\/posts\/129410","targetHints":{"allow":["GET"]}}],"collection":[{"href":"https:\/\/www.europesays.com\/se\/wp-json\/wp\/v2\/posts"}],"about":[{"href":"https:\/\/www.europesays.com\/se\/wp-json\/wp\/v2\/types\/post"}],"author":[{"embeddable":true,"href":"https:\/\/www.europesays.com\/se\/wp-json\/wp\/v2\/users\/2"}],"replies":[{"embeddable":true,"href":"https:\/\/www.europesays.com\/se\/wp-json\/wp\/v2\/comments?post=129410"}],"version-history":[{"count":0,"href":"https:\/\/www.europesays.com\/se\/wp-json\/wp\/v2\/posts\/129410\/revisions"}],"wp:featuredmedia":[{"embeddable":true,"href":"https:\/\/www.europesays.com\/se\/wp-json\/wp\/v2\/media\/25178"}],"wp:attachment":[{"href":"https:\/\/www.europesays.com\/se\/wp-json\/wp\/v2\/media?parent=129410"}],"wp:term":[{"taxonomy":"category","embeddable":true,"href":"https:\/\/www.europesays.com\/se\/wp-json\/wp\/v2\/categories?post=129410"},{"taxonomy":"post_tag","embeddable":true,"href":"https:\/\/www.europesays.com\/se\/wp-json\/wp\/v2\/tags?post=129410"}],"curies":[{"name":"wp","href":"https:\/\/api.w.org\/{rel}","templated":true}]}}