{"id":129415,"date":"2026-01-08T10:36:13","date_gmt":"2026-01-08T10:36:13","guid":{"rendered":"https:\/\/www.europesays.com\/se\/129415\/"},"modified":"2026-01-08T10:36:13","modified_gmt":"2026-01-08T10:36:13","slug":"ny-konsumentkreditlag-for-starkt-konsumentskydd","status":"publish","type":"post","link":"https:\/\/www.europesays.com\/se\/129415\/","title":{"rendered":"Ny konsumentkreditlag f\u00f6r st\u00e4rkt konsumentskydd"},"content":{"rendered":"<p>&#13;<br \/>\nRegeringen har beslutat om en lagr\u00e5dsremiss med f\u00f6rslag till en ny konsumentkreditlag. Syftet \u00e4r att st\u00e4rka konsumentskyddet och anpassa reglerna till de senaste \u00e5rens utveckling f\u00f6r konsumentkrediter. <\/p>\n<p>Den nya lagen inneb\u00e4r att fler typer av krediter kommer att omfattas av konsumentskyddande regler, bland annat r\u00e4ntefria krediter som l\u00e4mnas av tredje part (f\u00f6retag som till exempel Riverty, Klarna eller Qliro). Regeringen f\u00f6resl\u00e5r ocks\u00e5 sk\u00e4rpta krav p\u00e5 kreditpr\u00f6vning f\u00f6r att motverka \u00f6verskulds\u00e4ttning. Kreditpr\u00f6vningen ska g\u00f6ras i konsumentens intresse och det inf\u00f6rs tydliga regler f\u00f6r vilka uppgifter som ska beaktas.<\/p>\n<p>Konsumentens r\u00e4ttigheter kommer ocks\u00e5 att st\u00e4rkas genom tydligare regler f\u00f6r \u00e5ngerr\u00e4tt och f\u00f6rtidsbetalning. Bland annat ska \u00e5ngerfristen b\u00f6rja l\u00f6pa f\u00f6rst n\u00e4r konsumenten f\u00e5tt information om sin r\u00e4tt att \u00e5ngra avtalet. Vid betalningssv\u00e5righeter ska kreditgivare erbjuda alternativa l\u00f6sningar, som till exempel s\u00e4nkt r\u00e4nta eller uppskov, innan \u00e5tg\u00e4rder f\u00f6r att driva in skulden vidtas.<\/p>\n<p>F\u00f6rslaget inneh\u00e5ller \u00e4ven ett nytt tillst\u00e5ndskrav som inneb\u00e4r att fler akt\u00f6rer som l\u00e4mnar eller f\u00f6rmedlar krediter ska st\u00e5 under Finansinspektionens tillsyn och bland annat uppfylla krav p\u00e5 kunskap och kompetens.<\/p>\n<p>F\u00f6rslagen i lagr\u00e5dsremissen genomf\u00f6r EU:s konsumentkreditdirektiv och den nya lagen f\u00f6resl\u00e5s tr\u00e4da i kraft den 20 november 2026.<\/p>\n","protected":false},"excerpt":{"rendered":"&#13; Regeringen har beslutat om en lagr\u00e5dsremiss med f\u00f6rslag till en ny konsumentkreditlag. Syftet \u00e4r att st\u00e4rka konsumentskyddet&hellip;\n","protected":false},"author":2,"featured_media":67452,"comment_status":"","ping_status":"","sticky":false,"template":"","format":"standard","meta":{"footnotes":""},"categories":[65],"tags":[72,70,71,34,31,33,32,30],"class_list":{"0":"post-129415","1":"post","2":"type-post","3":"status-publish","4":"format-standard","5":"has-post-thumbnail","7":"category-ekonomi","8":"tag-business","9":"tag-economy","10":"tag-ekonomi","11":"tag-se","12":"tag-svenska","13":"tag-sverige","14":"tag-sweden","15":"tag-swedish"},"share_on_mastodon":{"url":"https:\/\/pubeurope.com\/@se\/115859041936712360","error":""},"_links":{"self":[{"href":"https:\/\/www.europesays.com\/se\/wp-json\/wp\/v2\/posts\/129415","targetHints":{"allow":["GET"]}}],"collection":[{"href":"https:\/\/www.europesays.com\/se\/wp-json\/wp\/v2\/posts"}],"about":[{"href":"https:\/\/www.europesays.com\/se\/wp-json\/wp\/v2\/types\/post"}],"author":[{"embeddable":true,"href":"https:\/\/www.europesays.com\/se\/wp-json\/wp\/v2\/users\/2"}],"replies":[{"embeddable":true,"href":"https:\/\/www.europesays.com\/se\/wp-json\/wp\/v2\/comments?post=129415"}],"version-history":[{"count":0,"href":"https:\/\/www.europesays.com\/se\/wp-json\/wp\/v2\/posts\/129415\/revisions"}],"wp:featuredmedia":[{"embeddable":true,"href":"https:\/\/www.europesays.com\/se\/wp-json\/wp\/v2\/media\/67452"}],"wp:attachment":[{"href":"https:\/\/www.europesays.com\/se\/wp-json\/wp\/v2\/media?parent=129415"}],"wp:term":[{"taxonomy":"category","embeddable":true,"href":"https:\/\/www.europesays.com\/se\/wp-json\/wp\/v2\/categories?post=129415"},{"taxonomy":"post_tag","embeddable":true,"href":"https:\/\/www.europesays.com\/se\/wp-json\/wp\/v2\/tags?post=129415"}],"curies":[{"name":"wp","href":"https:\/\/api.w.org\/{rel}","templated":true}]}}