{"id":129416,"date":"2026-01-08T10:38:07","date_gmt":"2026-01-08T10:38:07","guid":{"rendered":"https:\/\/www.europesays.com\/se\/129416\/"},"modified":"2026-01-08T10:38:07","modified_gmt":"2026-01-08T10:38:07","slug":"stort-intresse-for-hostens-vaccinationer","status":"publish","type":"post","link":"https:\/\/www.europesays.com\/se\/129416\/","title":{"rendered":"Stort intresse f\u00f6r h\u00f6stens vaccinationer"},"content":{"rendered":"<p class=\"font-normal\">Vaccinationerna startade i mitten av oktober och avslutades den 5 januari. 76\u00a0procent av gotl\u00e4nningarna som \u00e4r 75 \u00e5r eller \u00e4ldre vaccinerade sig mot covid-19, och n\u00e4stan lika m\u00e5nga vaccinerade sig \u00e4ven mot influensa.<\/p>\n<p class=\"font-normal\">Bland personer som \u00e4r 65 \u00e5r eller \u00e4ldre och d\u00e4rf\u00f6r rekommenderas vaccination mot influensa har 67 procent vaccinerat sig<\/p>\n<p class=\"font-normal\">\u2013 Det \u00e4r gl\u00e4djande att s\u00e5 m\u00e5nga gotl\u00e4nningar har valt att vaccinera sig i h\u00f6st, s\u00e4rskilt bland de \u00e4ldre. Det bidrar till ett b\u00e4ttre skydd inf\u00f6r vintern och minskar risken f\u00f6r allvarlig sjukdom. S\u00e4ger Maria Olsson, enhetschef p\u00e5 prim\u00e4rv\u00e5rdens vaccinationsmottagning.<\/p>\n<p class=\"font-normal\">Totalt genomf\u00f6rdes \u00f6ver 9800<strong> <\/strong>vaccinationer mot covid-19 under h\u00f6sten och n\u00e4stan 13750 vaccinationer mot s\u00e4songsinfluensa. Dessutom passade \u00f6ver 2400 personer \u00f6ver 65 \u00e5r p\u00e5 att vaccinera sig kostnadsfritt mot pneumokocker.<\/p>\n<p>Ingen v\u00e5rdos mot covid-19<\/p>\n<p class=\"font-normal\">Enligt rekommendationerna fr\u00e5n h\u00f6sten 2025 r\u00e4cker det nu med en dos vaccin per \u00e5r mot covid-19 f\u00f6r de aktuella riskgrupperna. Det inneb\u00e4r att det inte blir n\u00e5gon v\u00e5rdos f\u00f6r personer \u00f6ver 80 \u00e5r, eller andra som tidigare rekommenderats det. N\u00e4sta vaccinationskampanj mot covid-19 startar d\u00e4rmed h\u00f6sten 2026.<\/p>\n<p><strong>Influensavaccinationerna forts\u00e4tter lite till<\/strong><\/p>\n<p class=\"font-normal\">Om du inte haft m\u00f6jlighet att vaccinera dig mot s\u00e4songsinfluensa under h\u00f6sten hinner du fortfarande vaccinera dig, kontakta din v\u00e5rdcentral f\u00f6r att boka tid. Influensavaccinationerna p\u00e5g\u00e5r fram till slutet av februari 2026.<\/p>\n","protected":false},"excerpt":{"rendered":"Vaccinationerna startade i mitten av oktober och avslutades den 5 januari. 76\u00a0procent av gotl\u00e4nningarna som \u00e4r 75 \u00e5r&hellip;\n","protected":false},"author":2,"featured_media":129417,"comment_status":"","ping_status":"","sticky":false,"template":"","format":"standard","meta":{"footnotes":""},"categories":[12],"tags":[22,23,26,27,17,21,24,25,28,29,15,16,18,34,31,33,32,30,19,20],"class_list":{"0":"post-129416","1":"post","2":"type-post","3":"status-publish","4":"format-standard","5":"has-post-thumbnail","7":"category-sverige","8":"tag-breaking-news","9":"tag-breakingnews","10":"tag-featured-news","11":"tag-featurednews","12":"tag-headlines","13":"tag-huvudnyheter","14":"tag-latest-news","15":"tag-latestnews","16":"tag-main-news","17":"tag-mainnews","18":"tag-news","19":"tag-nyheter","20":"tag-rubriker","21":"tag-se","22":"tag-svenska","23":"tag-sverige","24":"tag-sweden","25":"tag-swedish","26":"tag-top-stories","27":"tag-topstories"},"share_on_mastodon":{"url":"https:\/\/pubeurope.com\/@se\/115859049942279015","error":""},"_links":{"self":[{"href":"https:\/\/www.europesays.com\/se\/wp-json\/wp\/v2\/posts\/129416","targetHints":{"allow":["GET"]}}],"collection":[{"href":"https:\/\/www.europesays.com\/se\/wp-json\/wp\/v2\/posts"}],"about":[{"href":"https:\/\/www.europesays.com\/se\/wp-json\/wp\/v2\/types\/post"}],"author":[{"embeddable":true,"href":"https:\/\/www.europesays.com\/se\/wp-json\/wp\/v2\/users\/2"}],"replies":[{"embeddable":true,"href":"https:\/\/www.europesays.com\/se\/wp-json\/wp\/v2\/comments?post=129416"}],"version-history":[{"count":0,"href":"https:\/\/www.europesays.com\/se\/wp-json\/wp\/v2\/posts\/129416\/revisions"}],"wp:featuredmedia":[{"embeddable":true,"href":"https:\/\/www.europesays.com\/se\/wp-json\/wp\/v2\/media\/129417"}],"wp:attachment":[{"href":"https:\/\/www.europesays.com\/se\/wp-json\/wp\/v2\/media?parent=129416"}],"wp:term":[{"taxonomy":"category","embeddable":true,"href":"https:\/\/www.europesays.com\/se\/wp-json\/wp\/v2\/categories?post=129416"},{"taxonomy":"post_tag","embeddable":true,"href":"https:\/\/www.europesays.com\/se\/wp-json\/wp\/v2\/tags?post=129416"}],"curies":[{"name":"wp","href":"https:\/\/api.w.org\/{rel}","templated":true}]}}