{"id":129418,"date":"2026-01-08T10:39:25","date_gmt":"2026-01-08T10:39:25","guid":{"rendered":"https:\/\/www.europesays.com\/se\/129418\/"},"modified":"2026-01-08T10:39:25","modified_gmt":"2026-01-08T10:39:25","slug":"bryter-med-farjestad-fatt-en-forfragning-hockeysverige-se","status":"publish","type":"post","link":"https:\/\/www.europesays.com\/se\/129418\/","title":{"rendered":"Bryter med F\u00e4rjestad: \u201dF\u00e5tt en f\u00f6rfr\u00e5gning\u201d &#8211; hockeysverige.se"},"content":{"rendered":"<ol>\n<li><a href=\"https:\/\/news.google.com\/rss\/articles\/CBMiiAFBVV95cUxOVXAyV3JIN1hfNHVETlRadXJycHYtUTRvLXkxaGZjQmNwdjFZbjQtN1pXd25MVHFKR3YzWElBVHhDWTduNVpfZHhpYlZsUkVqS2FvMjRfR0FTZ2hXa1hIblNpcy1CMWlLNVBQTlZKUTdrSGdsM3J6MWVScWlfSFl4T0FOelc0aVI2?oc=5\" target=\"_blank\" rel=\"nofollow noopener\">Bryter med F\u00e4rjestad: \u201dF\u00e5tt en f\u00f6rfr\u00e5gning\u201d<\/a>&nbsp;&nbsp;hockeysverige.se<\/li>\n<li><a href=\"https:\/\/news.google.com\/rss\/articles\/CBMisgFBVV95cUxPR1Y4SVBCMmdDM1ZSbV80RDNfbUtEelV6SHNiZlY2M1lraHZOQzhFWExMYXNkamdpTkF6Nlg4ZDZ1eUFzdzVRaXJkdTBWMHBzSk0xTlNicHkwal9yeExRcXVLT190YWItXzNJb1ZjbGJoY1lRUjFsbzU3Y19EWVV4N3JFU3J4UEhrUS1fd1poNUdBeW4xMnVlTnBOSmRuUzFvcEswekMyUnY5MjY3bXVTY2l3?oc=5\" target=\"_blank\" rel=\"nofollow noopener\">L\u00e4mnar F\u00e4rjestad \u2013 kastar om i truppen<\/a>&nbsp;&nbsp;Aftonbladet<\/li>\n<li><a href=\"https:\/\/news.google.com\/rss\/articles\/CBMiY0FVX3lxTE92Y01jQTM5S1gtV0c1aHNYd3Z5aWdXNXJuZGdZdV9Xeld5X01sanpVX0llc0YydVdieE9TZHA0RDNmcHpDY2JNekxOUG1HTTFmel9vU2plMHM3M2VSWHZyRUlaZw?oc=5\" target=\"_blank\" rel=\"nofollow noopener\">Truppen: Knot ut &#8211; Frans\u00e9n in<\/a>&nbsp;&nbsp;F\u00e4rjestad BK<\/li>\n<li><a href=\"https:\/\/news.google.com\/rss\/articles\/CBMifEFVX3lxTFB4SEpIRTBuZU44c3NzbzZ0clRma3Y5M0FubU9fTU1PYlRtd3Nhbm1STWpiYjRjbE5jdVBXWVhWeVlNcTZYUmExM1kzU1FabEE1OE5vR0dUbmp6VGRPS1VEeEJubkhzajU2dVctaGhGQmR0Z1c3aVV2cnJjSVk?oc=5\" target=\"_blank\" rel=\"nofollow noopener\">F\u00e4rjestad bryter med backen \u2013 flyttar vidare<\/a>&nbsp;&nbsp;HockeyNews<\/li>\n<li><a href=\"https:\/\/news.google.com\/rss\/articles\/CBMinAFBVV95cUxQUjRXS3RWUUlFTXRrTUo1dThFTnNsRzZzRDVJeC10T29MdzZYZWVUY0ZwbGQ3TFJVcW54TmpyUEtTWFMyWTdza21zU3lnN0tFVk4xdG1LNUExNWF2cTF3cmJmalFjQm1QaTFxaE9oR3FLVVRuX0tQaVFPOHRzWU8xZzhoTjNidkFVU0pXOTZBQ2VEbzRsWHFIeWtydXA?oc=5\" target=\"_blank\" rel=\"nofollow noopener\">JUST NU: Backen l\u00e4mnar F\u00e4rjestad \u2013 20-\u00e5ringen kallas tillbaka fr\u00e5n l\u00e5n<\/a>&nbsp;&nbsp;NWT<\/li>\n<\/ol>\n","protected":false},"excerpt":{"rendered":"Bryter med F\u00e4rjestad: \u201dF\u00e5tt en f\u00f6rfr\u00e5gning\u201d&nbsp;&nbsp;hockeysverige.se L\u00e4mnar F\u00e4rjestad \u2013 kastar om i truppen&nbsp;&nbsp;Aftonbladet Truppen: Knot ut &#8211; Frans\u00e9n&hellip;\n","protected":false},"author":2,"featured_media":129419,"comment_status":"","ping_status":"","sticky":false,"template":"","format":"standard","meta":{"footnotes":""},"categories":[5],"tags":[22,23,26,27,17,21,24,25,28,29,15,16,18,34,133,134,31,33,32,30,19,20],"class_list":{"0":"post-129418","1":"post","2":"type-post","3":"status-publish","4":"format-standard","5":"has-post-thumbnail","7":"category-rubriker","8":"tag-breaking-news","9":"tag-breakingnews","10":"tag-featured-news","11":"tag-featurednews","12":"tag-headlines","13":"tag-huvudnyheter","14":"tag-latest-news","15":"tag-latestnews","16":"tag-main-news","17":"tag-mainnews","18":"tag-news","19":"tag-nyheter","20":"tag-rubriker","21":"tag-se","22":"tag-second-news","23":"tag-shl","24":"tag-svenska","25":"tag-sverige","26":"tag-sweden","27":"tag-swedish","28":"tag-top-stories","29":"tag-topstories"},"share_on_mastodon":{"url":"https:\/\/pubeurope.com\/@se\/115859053787461539","error":""},"_links":{"self":[{"href":"https:\/\/www.europesays.com\/se\/wp-json\/wp\/v2\/posts\/129418","targetHints":{"allow":["GET"]}}],"collection":[{"href":"https:\/\/www.europesays.com\/se\/wp-json\/wp\/v2\/posts"}],"about":[{"href":"https:\/\/www.europesays.com\/se\/wp-json\/wp\/v2\/types\/post"}],"author":[{"embeddable":true,"href":"https:\/\/www.europesays.com\/se\/wp-json\/wp\/v2\/users\/2"}],"replies":[{"embeddable":true,"href":"https:\/\/www.europesays.com\/se\/wp-json\/wp\/v2\/comments?post=129418"}],"version-history":[{"count":0,"href":"https:\/\/www.europesays.com\/se\/wp-json\/wp\/v2\/posts\/129418\/revisions"}],"wp:featuredmedia":[{"embeddable":true,"href":"https:\/\/www.europesays.com\/se\/wp-json\/wp\/v2\/media\/129419"}],"wp:attachment":[{"href":"https:\/\/www.europesays.com\/se\/wp-json\/wp\/v2\/media?parent=129418"}],"wp:term":[{"taxonomy":"category","embeddable":true,"href":"https:\/\/www.europesays.com\/se\/wp-json\/wp\/v2\/categories?post=129418"},{"taxonomy":"post_tag","embeddable":true,"href":"https:\/\/www.europesays.com\/se\/wp-json\/wp\/v2\/tags?post=129418"}],"curies":[{"name":"wp","href":"https:\/\/api.w.org\/{rel}","templated":true}]}}